{"id":925,"date":"2026-04-27T11:06:45","date_gmt":"2026-04-27T09:06:45","guid":{"rendered":"https:\/\/silencia.ch\/?p=925"},"modified":"2026-04-27T11:22:51","modified_gmt":"2026-04-27T09:22:51","slug":"que-se-passe-t-il-dans-le-cerveau-quand-on-medite-plusieurs-heures-par-jour","status":"publish","type":"post","link":"https:\/\/silencia.ch\/en\/2026\/04\/27\/que-se-passe-t-il-dans-le-cerveau-quand-on-medite-plusieurs-heures-par-jour\/","title":{"rendered":"Que se passe-t-il dans le cerveau quand on m\u00e9dite plusieurs heures par jour ?"},"content":{"rendered":"<h1 class=\"wp-block-heading has-text-align-center\">Que se passe-t-il dans le cerveau quand on m\u00e9dite plusieurs heures par jour ?<\/h1>\n\n\n\n<figure class=\"wp-block-image size-full\"><img data-recalc-dims=\"1\" loading=\"lazy\" decoding=\"async\" width=\"2473\" height=\"1388\" data-attachment-id=\"934\" data-permalink=\"https:\/\/silencia.ch\/en\/2026\/04\/27\/que-se-passe-t-il-dans-le-cerveau-quand-on-medite-plusieurs-heures-par-jour\/11062b_5f1aa787f94f4caf99c57af80c4d4419mv2-3\/\" data-orig-file=\"https:\/\/i0.wp.com\/silencia.ch\/wp-content\/uploads\/2026\/04\/11062b_5f1aa787f94f4caf99c57af80c4d4419mv2-1.webp?fit=2473%2C1388&amp;ssl=1\" data-orig-size=\"2473,1388\" data-comments-opened=\"1\" data-image-meta=\"{&quot;aperture&quot;:&quot;0&quot;,&quot;credit&quot;:&quot;&quot;,&quot;camera&quot;:&quot;&quot;,&quot;caption&quot;:&quot;&quot;,&quot;created_timestamp&quot;:&quot;0&quot;,&quot;copyright&quot;:&quot;&quot;,&quot;focal_length&quot;:&quot;0&quot;,&quot;iso&quot;:&quot;0&quot;,&quot;shutter_speed&quot;:&quot;0&quot;,&quot;title&quot;:&quot;&quot;,&quot;orientation&quot;:&quot;0&quot;}\" data-image-title=\"11062b_5f1aa787f94f4caf99c57af80c4d4419~mv2\" data-image-description=\"\" data-image-caption=\"\" data-large-file=\"https:\/\/i0.wp.com\/silencia.ch\/wp-content\/uploads\/2026\/04\/11062b_5f1aa787f94f4caf99c57af80c4d4419mv2-1.webp?fit=1024%2C575&amp;ssl=1\" src=\"https:\/\/i0.wp.com\/silencia.ch\/wp-content\/uploads\/2026\/04\/11062b_5f1aa787f94f4caf99c57af80c4d4419mv2-1.webp?resize=2473%2C1388&#038;ssl=1\" alt=\"\" class=\"wp-image-934\" srcset=\"https:\/\/i0.wp.com\/silencia.ch\/wp-content\/uploads\/2026\/04\/11062b_5f1aa787f94f4caf99c57af80c4d4419mv2-1.webp?w=2473&amp;ssl=1 2473w, https:\/\/i0.wp.com\/silencia.ch\/wp-content\/uploads\/2026\/04\/11062b_5f1aa787f94f4caf99c57af80c4d4419mv2-1.webp?resize=300%2C168&amp;ssl=1 300w, https:\/\/i0.wp.com\/silencia.ch\/wp-content\/uploads\/2026\/04\/11062b_5f1aa787f94f4caf99c57af80c4d4419mv2-1.webp?resize=1024%2C575&amp;ssl=1 1024w, https:\/\/i0.wp.com\/silencia.ch\/wp-content\/uploads\/2026\/04\/11062b_5f1aa787f94f4caf99c57af80c4d4419mv2-1.webp?resize=768%2C431&amp;ssl=1 768w, https:\/\/i0.wp.com\/silencia.ch\/wp-content\/uploads\/2026\/04\/11062b_5f1aa787f94f4caf99c57af80c4d4419mv2-1.webp?resize=1536%2C862&amp;ssl=1 1536w, https:\/\/i0.wp.com\/silencia.ch\/wp-content\/uploads\/2026\/04\/11062b_5f1aa787f94f4caf99c57af80c4d4419mv2-1.webp?resize=2048%2C1149&amp;ssl=1 2048w, https:\/\/i0.wp.com\/silencia.ch\/wp-content\/uploads\/2026\/04\/11062b_5f1aa787f94f4caf99c57af80c4d4419mv2-1.webp?resize=18%2C10&amp;ssl=1 18w, https:\/\/i0.wp.com\/silencia.ch\/wp-content\/uploads\/2026\/04\/11062b_5f1aa787f94f4caf99c57af80c4d4419mv2-1.webp?resize=1200%2C674&amp;ssl=1 1200w\" sizes=\"auto, (max-width: 1000px) 100vw, 1000px\" \/><\/figure>\n\n\n\n<p class=\"wp-block-paragraph\">La m\u00e9ditation est souvent per\u00e7ue comme une pratique simple.<\/p>\n\n\n\n<p class=\"wp-block-paragraph\">S\u2019asseoir. Observer la respiration. Rester en silence.<\/p>\n\n\n\n<p class=\"wp-block-paragraph\">Et pourtant, lorsque l\u2019on m\u00e9dite plusieurs heures par jour \u2014 comme lors d\u2019une retraite \u2014 des changements profonds s\u2019op\u00e8rent dans le cerveau.<\/p>\n\n\n\n<p class=\"wp-block-paragraph\">Pas de mani\u00e8re mystique.<\/p>\n\n\n\n<p class=\"wp-block-paragraph\">Mais de mani\u00e8re\u00a0<strong>mesurable, physiologique et observable<\/strong>.<\/p>\n\n\n\n<h2 class=\"wp-block-heading\">Une diminution de l\u2019activit\u00e9 du \u201cmode automatique\u201d<\/h2>\n\n\n\n<p class=\"wp-block-paragraph\">Le cerveau poss\u00e8de un r\u00e9seau appel\u00e9&nbsp;<strong>Default Mode Network (DMN)<\/strong>.<\/p>\n\n\n\n<p class=\"wp-block-paragraph\">C\u2019est lui qui s\u2019active lorsque :<\/p>\n\n\n\n<ul class=\"wp-block-list\">\n<li>vous ruminez<\/li>\n\n\n\n<li>vous pensez au pass\u00e9<\/li>\n\n\n\n<li>vous anticipez le futur<\/li>\n\n\n\n<li>vous vous perdez dans vos pens\u00e9es<\/li>\n<\/ul>\n\n\n\n<p class=\"wp-block-paragraph\">Chez de nombreuses personnes, ce r\u00e9seau est&nbsp;<strong>suractiv\u00e9<\/strong>.<\/p>\n\n\n\n<p class=\"wp-block-paragraph\">La m\u00e9ditation r\u00e9guli\u00e8re, et encore plus intensive, permet de&nbsp;<strong>r\u00e9duire cette activit\u00e9<\/strong>.<\/p>\n\n\n\n<p class=\"wp-block-paragraph\">R\u00e9sultat :<\/p>\n\n\n\n<ul class=\"wp-block-list\">\n<li>moins de ruminations<\/li>\n\n\n\n<li>moins de dispersion mentale<\/li>\n\n\n\n<li>plus de pr\u00e9sence<\/li>\n<\/ul>\n\n\n\n<h2 class=\"wp-block-heading\">Un renforcement de l\u2019attention<\/h2>\n\n\n\n<p class=\"wp-block-paragraph\">Lorsque vous m\u00e9ditez plusieurs heures :<\/p>\n\n\n\n<p class=\"wp-block-paragraph\">vous entra\u00eenez litt\u00e9ralement votre cerveau \u00e0 revenir \u00e0 un point d\u2019ancrage (souvent la respiration).<\/p>\n\n\n\n<p class=\"wp-block-paragraph\">Ce processus active et renforce :<\/p>\n\n\n\n<ul class=\"wp-block-list\">\n<li>les circuits de l\u2019attention<\/li>\n\n\n\n<li>la capacit\u00e9 \u00e0 rester concentr\u00e9<\/li>\n\n\n\n<li>la stabilit\u00e9 mentale<\/li>\n<\/ul>\n\n\n\n<p class=\"wp-block-paragraph\">C\u2019est un peu comme un entra\u00eenement musculaire\u2026 mais pour l\u2019attention.<\/p>\n\n\n\n<h2 class=\"wp-block-heading\">Une r\u00e9gulation du syst\u00e8me nerveux<\/h2>\n\n\n\n<p class=\"wp-block-paragraph\">La m\u00e9ditation prolong\u00e9e influence directement le syst\u00e8me nerveux autonome.<\/p>\n\n\n\n<p class=\"wp-block-paragraph\">Elle favorise :<\/p>\n\n\n\n<ul class=\"wp-block-list\">\n<li>l\u2019activation du syst\u00e8me parasympathique (repos \/ r\u00e9cup\u00e9ration)<\/li>\n\n\n\n<li>la diminution de l\u2019\u00e9tat d\u2019alerte constant<\/li>\n\n\n\n<li>une r\u00e9duction du stress physiologique<\/li>\n<\/ul>\n\n\n\n<p class=\"wp-block-paragraph\">C\u2019est souvent pour cela que les participants ressentent :<\/p>\n\n\n\n<ul class=\"wp-block-list\">\n<li>un apaisement progressif<\/li>\n\n\n\n<li>un ralentissement du rythme int\u00e9rieur<\/li>\n\n\n\n<li>une sensation de s\u00e9curit\u00e9 plus profonde<\/li>\n<\/ul>\n\n\n\n<h2 class=\"wp-block-heading\">Une meilleure r\u00e9gulation \u00e9motionnelle<\/h2>\n\n\n\n<p class=\"wp-block-paragraph\">En m\u00e9ditant longtemps, vous d\u00e9veloppez une capacit\u00e9 cl\u00e9 :<\/p>\n\n\n\n<p class=\"wp-block-paragraph\"><strong>observer vos \u00e9motions sans r\u00e9agir imm\u00e9diatement.<\/strong><\/p>\n\n\n\n<p class=\"wp-block-paragraph\">Cela modifie progressivement :<\/p>\n\n\n\n<ul class=\"wp-block-list\">\n<li>la relation aux \u00e9motions<\/li>\n\n\n\n<li>la r\u00e9activit\u00e9<\/li>\n\n\n\n<li>l\u2019impulsivit\u00e9<\/li>\n<\/ul>\n\n\n\n<p class=\"wp-block-paragraph\">Les \u00e9motions ne disparaissent pas.<\/p>\n\n\n\n<p class=\"wp-block-paragraph\">Mais elles deviennent&nbsp;<strong>plus lisibles, plus traversables<\/strong>.<\/p>\n\n\n\n<h2 class=\"wp-block-heading\">Une perception plus fine de soi<\/h2>\n\n\n\n<p class=\"wp-block-paragraph\">Lorsque le bruit mental diminue,<br>l\u2019attention devient plus subtile.<\/p>\n\n\n\n<p class=\"wp-block-paragraph\">Beaucoup de participants d\u00e9crivent :<\/p>\n\n\n\n<ul class=\"wp-block-list\">\n<li>une perception plus fine du corps<\/li>\n\n\n\n<li>une meilleure \u00e9coute int\u00e9rieure<\/li>\n\n\n\n<li>une clart\u00e9 accrue dans leurs pens\u00e9es<\/li>\n<\/ul>\n\n\n\n<p class=\"wp-block-paragraph\">Ce n\u2019est pas un \u201ceffet sp\u00e9cial\u201d.<\/p>\n\n\n\n<p class=\"wp-block-paragraph\">C\u2019est simplement l\u2019absence de surcharge.<\/p>\n\n\n\n<h2 class=\"wp-block-heading\">Pourquoi une retraite acc\u00e9l\u00e8re ces effets<\/h2>\n\n\n\n<p class=\"wp-block-paragraph\">Dans le quotidien, la m\u00e9ditation est souvent fragment\u00e9e.<\/p>\n\n\n\n<p class=\"wp-block-paragraph\">10 minutes. 20 minutes. Parfois moins.<\/p>\n\n\n\n<p class=\"wp-block-paragraph\">En retraite :<\/p>\n\n\n\n<ul class=\"wp-block-list\">\n<li>vous m\u00e9ditez plusieurs heures<\/li>\n\n\n\n<li>vous r\u00e9duisez les stimulations externes<\/li>\n\n\n\n<li>vous maintenez une continuit\u00e9 de pratique<\/li>\n<\/ul>\n\n\n\n<p class=\"wp-block-paragraph\">C\u2019est cette continuit\u00e9 qui permet au cerveau de r\u00e9ellement&nbsp;<strong>changer de rythme<\/strong>.<\/p>\n\n\n\n<h2 class=\"wp-block-heading\">Une exp\u00e9rience accessible, pas r\u00e9serv\u00e9e aux experts<\/h2>\n\n\n\n<p class=\"wp-block-paragraph\">Ces effets ne sont pas r\u00e9serv\u00e9s aux m\u00e9ditants exp\u00e9riment\u00e9s.<\/p>\n\n\n\n<p class=\"wp-block-paragraph\">M\u00eame les d\u00e9butants peuvent observer :<\/p>\n\n\n\n<ul class=\"wp-block-list\">\n<li>une diminution du bruit mental<\/li>\n\n\n\n<li>une meilleure pr\u00e9sence<\/li>\n\n\n\n<li>un apaisement progressif<\/li>\n<\/ul>\n\n\n\n<p class=\"wp-block-paragraph\">La cl\u00e9 n\u2019est pas la performance.<\/p>\n\n\n\n<p class=\"wp-block-paragraph\">Mais la r\u00e9gularit\u00e9 et le cadre.<\/p>\n\n\n\n<h2 class=\"wp-block-heading\">D\u00e9couvrez l\u2019exp\u00e9rience en retraite<\/h2>\n\n\n\n<p class=\"wp-block-paragraph\">Chez&nbsp;<strong>SILENCIA<\/strong>, les retraites offrent un cadre structur\u00e9 pour exp\u00e9rimenter ces transformations en profondeur, m\u00eame sans exp\u00e9rience pr\u00e9alable.<\/p>\n\n\n\n<div class=\"wp-block-buttons is-content-justification-center is-layout-flex wp-container-core-buttons-is-layout-0aa01211 wp-block-buttons-is-layout-flex\">\n<div class=\"wp-block-button\"><a class=\"wp-block-button__link wp-element-button\" href=\"https:\/\/www.retraitesmeditatives.ch\/retraite-meditation-silence\" target=\"_blank\" rel=\"noreferrer noopener\"><strong>Voir les prochaines retraites silencieuses&nbsp;<\/strong><\/a><\/div>\n<\/div>","protected":false},"excerpt":{"rendered":"<p>Que se passe-t-il dans le cerveau quand on m\u00e9dite plusieurs heures par jour ? La m\u00e9ditation est souvent per\u00e7ue comme une pratique simple. S\u2019asseoir. Observer la respiration. Rester en silence. Et pourtant, lorsque l\u2019on m\u00e9dite plusieurs heures par jour \u2014 comme lors d\u2019une retraite \u2014 des changements profonds s\u2019op\u00e8rent dans le cerveau. Pas de mani\u00e8re [&hellip;]<\/p>\n","protected":false},"author":260171625,"featured_media":934,"comment_status":"open","ping_status":"open","sticky":false,"template":"","format":"standard","meta":{"_crdt_document":"","_jetpack_newsletter_access":"","_jetpack_dont_email_post_to_subs":false,"_jetpack_newsletter_tier_id":0,"_jetpack_memberships_contains_paywalled_content":false,"_jetpack_memberships_contains_paid_content":false,"footnotes":"","jetpack_publicize_message":"","jetpack_publicize_feature_enabled":true,"jetpack_social_post_already_shared":true,"jetpack_social_options":{"image_generator_settings":{"template":"highway","default_image_id":0,"font":"","enabled":false},"version":2},"jetpack_post_was_ever_published":false},"categories":[1],"tags":[],"class_list":["post-925","post","type-post","status-publish","format-standard","has-post-thumbnail","hentry","category-uncategorized"],"yoast_head":"<!-- This site is optimized with the Yoast SEO plugin v27.4 - https:\/\/yoast.com\/product\/yoast-seo-wordpress\/ -->\n<title>Que se passe-t-il dans le cerveau quand on m\u00e9dite plusieurs heures par jour ? - PRESENCE, SILENCE &amp; CLART\u00c9 MENTALE<\/title>\n<meta name=\"robots\" content=\"index, follow, max-snippet:-1, max-image-preview:large, max-video-preview:-1\" \/>\n<link rel=\"canonical\" href=\"https:\/\/silencia.ch\/en\/2026\/04\/27\/que-se-passe-t-il-dans-le-cerveau-quand-on-medite-plusieurs-heures-par-jour\/\" \/>\n<meta property=\"og:locale\" content=\"en_GB\" \/>\n<meta property=\"og:type\" content=\"article\" \/>\n<meta property=\"og:title\" content=\"Que se passe-t-il dans le cerveau quand on m\u00e9dite plusieurs heures par jour ? - PRESENCE, SILENCE &amp; CLART\u00c9 MENTALE\" \/>\n<meta property=\"og:description\" content=\"Que se passe-t-il dans le cerveau quand on m\u00e9dite plusieurs heures par jour ? La m\u00e9ditation est souvent per\u00e7ue comme une pratique simple. S\u2019asseoir. Observer la respiration. Rester en silence. Et pourtant, lorsque l\u2019on m\u00e9dite plusieurs heures par jour \u2014 comme lors d\u2019une retraite \u2014 des changements profonds s\u2019op\u00e8rent dans le cerveau. Pas de mani\u00e8re [&hellip;]\" \/>\n<meta property=\"og:url\" content=\"https:\/\/silencia.ch\/en\/2026\/04\/27\/que-se-passe-t-il-dans-le-cerveau-quand-on-medite-plusieurs-heures-par-jour\/\" \/>\n<meta property=\"og:site_name\" content=\"PRESENCE, SILENCE &amp; CLART\u00c9 MENTALE\" \/>\n<meta property=\"article:published_time\" content=\"2026-04-27T09:06:45+00:00\" \/>\n<meta property=\"article:modified_time\" content=\"2026-04-27T09:22:51+00:00\" \/>\n<meta property=\"og:image\" content=\"https:\/\/silencia.ch\/wp-content\/uploads\/2026\/04\/11062b_5f1aa787f94f4caf99c57af80c4d4419mv2-1.webp\" \/>\n\t<meta property=\"og:image:width\" content=\"2473\" \/>\n\t<meta property=\"og:image:height\" content=\"1388\" \/>\n\t<meta property=\"og:image:type\" content=\"image\/webp\" \/>\n<meta name=\"author\" content=\"Silencia Meditation\" \/>\n<meta name=\"twitter:card\" content=\"summary_large_image\" \/>\n<meta name=\"twitter:label1\" content=\"Written by\" \/>\n\t<meta name=\"twitter:data1\" content=\"Silencia Meditation\" \/>\n\t<meta name=\"twitter:label2\" content=\"Estimated reading time\" \/>\n\t<meta name=\"twitter:data2\" content=\"3 minutes\" \/>\n<script type=\"application\/ld+json\" class=\"yoast-schema-graph\">{\"@context\":\"https:\\\/\\\/schema.org\",\"@graph\":[{\"@type\":\"Article\",\"@id\":\"https:\\\/\\\/silencia.ch\\\/2026\\\/04\\\/27\\\/que-se-passe-t-il-dans-le-cerveau-quand-on-medite-plusieurs-heures-par-jour\\\/#article\",\"isPartOf\":{\"@id\":\"https:\\\/\\\/silencia.ch\\\/2026\\\/04\\\/27\\\/que-se-passe-t-il-dans-le-cerveau-quand-on-medite-plusieurs-heures-par-jour\\\/\"},\"author\":{\"name\":\"Silencia Meditation\",\"@id\":\"https:\\\/\\\/silencia.ch\\\/#\\\/schema\\\/person\\\/776dcc0e5e004a700970acf5332ec124\"},\"headline\":\"Que se passe-t-il dans le cerveau quand on m\u00e9dite plusieurs heures par jour ?\",\"datePublished\":\"2026-04-27T09:06:45+00:00\",\"dateModified\":\"2026-04-27T09:22:51+00:00\",\"mainEntityOfPage\":{\"@id\":\"https:\\\/\\\/silencia.ch\\\/2026\\\/04\\\/27\\\/que-se-passe-t-il-dans-le-cerveau-quand-on-medite-plusieurs-heures-par-jour\\\/\"},\"wordCount\":547,\"commentCount\":0,\"publisher\":{\"@id\":\"https:\\\/\\\/silencia.ch\\\/#organization\"},\"image\":{\"@id\":\"https:\\\/\\\/silencia.ch\\\/2026\\\/04\\\/27\\\/que-se-passe-t-il-dans-le-cerveau-quand-on-medite-plusieurs-heures-par-jour\\\/#primaryimage\"},\"thumbnailUrl\":\"https:\\\/\\\/i0.wp.com\\\/silencia.ch\\\/wp-content\\\/uploads\\\/2026\\\/04\\\/11062b_5f1aa787f94f4caf99c57af80c4d4419mv2-1.webp?fit=2473%2C1388&ssl=1\",\"articleSection\":[\"Uncategorized\"],\"inLanguage\":\"en-GB\",\"potentialAction\":[{\"@type\":\"CommentAction\",\"name\":\"Comment\",\"target\":[\"https:\\\/\\\/silencia.ch\\\/2026\\\/04\\\/27\\\/que-se-passe-t-il-dans-le-cerveau-quand-on-medite-plusieurs-heures-par-jour\\\/#respond\"]}]},{\"@type\":\"WebPage\",\"@id\":\"https:\\\/\\\/silencia.ch\\\/2026\\\/04\\\/27\\\/que-se-passe-t-il-dans-le-cerveau-quand-on-medite-plusieurs-heures-par-jour\\\/\",\"url\":\"https:\\\/\\\/silencia.ch\\\/2026\\\/04\\\/27\\\/que-se-passe-t-il-dans-le-cerveau-quand-on-medite-plusieurs-heures-par-jour\\\/\",\"name\":\"Que se passe-t-il dans le cerveau quand on m\u00e9dite plusieurs heures par jour ? - PRESENCE, SILENCE &amp; CLART\u00c9 MENTALE\",\"isPartOf\":{\"@id\":\"https:\\\/\\\/silencia.ch\\\/#website\"},\"primaryImageOfPage\":{\"@id\":\"https:\\\/\\\/silencia.ch\\\/2026\\\/04\\\/27\\\/que-se-passe-t-il-dans-le-cerveau-quand-on-medite-plusieurs-heures-par-jour\\\/#primaryimage\"},\"image\":{\"@id\":\"https:\\\/\\\/silencia.ch\\\/2026\\\/04\\\/27\\\/que-se-passe-t-il-dans-le-cerveau-quand-on-medite-plusieurs-heures-par-jour\\\/#primaryimage\"},\"thumbnailUrl\":\"https:\\\/\\\/i0.wp.com\\\/silencia.ch\\\/wp-content\\\/uploads\\\/2026\\\/04\\\/11062b_5f1aa787f94f4caf99c57af80c4d4419mv2-1.webp?fit=2473%2C1388&ssl=1\",\"datePublished\":\"2026-04-27T09:06:45+00:00\",\"dateModified\":\"2026-04-27T09:22:51+00:00\",\"breadcrumb\":{\"@id\":\"https:\\\/\\\/silencia.ch\\\/2026\\\/04\\\/27\\\/que-se-passe-t-il-dans-le-cerveau-quand-on-medite-plusieurs-heures-par-jour\\\/#breadcrumb\"},\"inLanguage\":\"en-GB\",\"potentialAction\":[{\"@type\":\"ReadAction\",\"target\":[\"https:\\\/\\\/silencia.ch\\\/2026\\\/04\\\/27\\\/que-se-passe-t-il-dans-le-cerveau-quand-on-medite-plusieurs-heures-par-jour\\\/\"]}]},{\"@type\":\"ImageObject\",\"inLanguage\":\"en-GB\",\"@id\":\"https:\\\/\\\/silencia.ch\\\/2026\\\/04\\\/27\\\/que-se-passe-t-il-dans-le-cerveau-quand-on-medite-plusieurs-heures-par-jour\\\/#primaryimage\",\"url\":\"https:\\\/\\\/i0.wp.com\\\/silencia.ch\\\/wp-content\\\/uploads\\\/2026\\\/04\\\/11062b_5f1aa787f94f4caf99c57af80c4d4419mv2-1.webp?fit=2473%2C1388&ssl=1\",\"contentUrl\":\"https:\\\/\\\/i0.wp.com\\\/silencia.ch\\\/wp-content\\\/uploads\\\/2026\\\/04\\\/11062b_5f1aa787f94f4caf99c57af80c4d4419mv2-1.webp?fit=2473%2C1388&ssl=1\",\"width\":2473,\"height\":1388},{\"@type\":\"BreadcrumbList\",\"@id\":\"https:\\\/\\\/silencia.ch\\\/2026\\\/04\\\/27\\\/que-se-passe-t-il-dans-le-cerveau-quand-on-medite-plusieurs-heures-par-jour\\\/#breadcrumb\",\"itemListElement\":[{\"@type\":\"ListItem\",\"position\":1,\"name\":\"Accueil\",\"item\":\"https:\\\/\\\/silencia.ch\\\/\"},{\"@type\":\"ListItem\",\"position\":2,\"name\":\"Que se passe-t-il dans le cerveau quand on m\u00e9dite plusieurs heures par jour ?\"}]},{\"@type\":\"WebSite\",\"@id\":\"https:\\\/\\\/silencia.ch\\\/#website\",\"url\":\"https:\\\/\\\/silencia.ch\\\/\",\"name\":\"SILENCIA\",\"description\":\"PRESENCE, SILENCE &amp; CLART\u00c9 MENTALE\",\"publisher\":{\"@id\":\"https:\\\/\\\/silencia.ch\\\/#organization\"},\"potentialAction\":[{\"@type\":\"SearchAction\",\"target\":{\"@type\":\"EntryPoint\",\"urlTemplate\":\"https:\\\/\\\/silencia.ch\\\/?s={search_term_string}\"},\"query-input\":{\"@type\":\"PropertyValueSpecification\",\"valueRequired\":true,\"valueName\":\"search_term_string\"}}],\"inLanguage\":\"en-GB\"},{\"@type\":\"Organization\",\"@id\":\"https:\\\/\\\/silencia.ch\\\/#organization\",\"name\":\"SILENCIA\",\"url\":\"https:\\\/\\\/silencia.ch\\\/\",\"logo\":{\"@type\":\"ImageObject\",\"inLanguage\":\"en-GB\",\"@id\":\"https:\\\/\\\/silencia.ch\\\/#\\\/schema\\\/logo\\\/image\\\/\",\"url\":\"https:\\\/\\\/i0.wp.com\\\/silencia.ch\\\/wp-content\\\/uploads\\\/2025\\\/11\\\/black-and-white-minimalist-business-logo.png?fit=500%2C500&ssl=1\",\"contentUrl\":\"https:\\\/\\\/i0.wp.com\\\/silencia.ch\\\/wp-content\\\/uploads\\\/2025\\\/11\\\/black-and-white-minimalist-business-logo.png?fit=500%2C500&ssl=1\",\"width\":500,\"height\":500,\"caption\":\"SILENCIA\"},\"image\":{\"@id\":\"https:\\\/\\\/silencia.ch\\\/#\\\/schema\\\/logo\\\/image\\\/\"},\"sameAs\":[\"https:\\\/\\\/www.linkedin.com\\\/in\\\/melissa-matteucci-446286\\\/\",\"https:\\\/\\\/www.youtube.com\\\/@M\u00e9ditationsilencieuse\",\"https:\\\/\\\/www.instagram.com\\\/silencia.ch\\\/\"]},{\"@type\":\"Person\",\"@id\":\"https:\\\/\\\/silencia.ch\\\/#\\\/schema\\\/person\\\/776dcc0e5e004a700970acf5332ec124\",\"name\":\"Silencia Meditation\",\"image\":{\"@type\":\"ImageObject\",\"inLanguage\":\"en-GB\",\"@id\":\"https:\\\/\\\/secure.gravatar.com\\\/avatar\\\/2c8af0880a27b9feda121115b20bda21042e5aae42a0a71a6c8238879c6a934c?s=96&d=identicon&r=g\",\"url\":\"https:\\\/\\\/secure.gravatar.com\\\/avatar\\\/2c8af0880a27b9feda121115b20bda21042e5aae42a0a71a6c8238879c6a934c?s=96&d=identicon&r=g\",\"contentUrl\":\"https:\\\/\\\/secure.gravatar.com\\\/avatar\\\/2c8af0880a27b9feda121115b20bda21042e5aae42a0a71a6c8238879c6a934c?s=96&d=identicon&r=g\",\"caption\":\"Silencia Meditation\"},\"sameAs\":[\"https:\\\/\\\/silencia.ch\\\/\"],\"url\":\"https:\\\/\\\/silencia.ch\\\/en\\\/author\\\/silencia2026\\\/\"}]}<\/script>\n<!-- \/ Yoast SEO plugin. -->","yoast_head_json":{"title":"Que se passe-t-il dans le cerveau quand on m\u00e9dite plusieurs heures par jour ? - PRESENCE, SILENCE &amp; CLART\u00c9 MENTALE","robots":{"index":"index","follow":"follow","max-snippet":"max-snippet:-1","max-image-preview":"max-image-preview:large","max-video-preview":"max-video-preview:-1"},"canonical":"https:\/\/silencia.ch\/en\/2026\/04\/27\/que-se-passe-t-il-dans-le-cerveau-quand-on-medite-plusieurs-heures-par-jour\/","og_locale":"en_GB","og_type":"article","og_title":"Que se passe-t-il dans le cerveau quand on m\u00e9dite plusieurs heures par jour ? - PRESENCE, SILENCE &amp; CLART\u00c9 MENTALE","og_description":"Que se passe-t-il dans le cerveau quand on m\u00e9dite plusieurs heures par jour ? La m\u00e9ditation est souvent per\u00e7ue comme une pratique simple. S\u2019asseoir. Observer la respiration. Rester en silence. Et pourtant, lorsque l\u2019on m\u00e9dite plusieurs heures par jour \u2014 comme lors d\u2019une retraite \u2014 des changements profonds s\u2019op\u00e8rent dans le cerveau. Pas de mani\u00e8re [&hellip;]","og_url":"https:\/\/silencia.ch\/en\/2026\/04\/27\/que-se-passe-t-il-dans-le-cerveau-quand-on-medite-plusieurs-heures-par-jour\/","og_site_name":"PRESENCE, SILENCE &amp; CLART\u00c9 MENTALE","article_published_time":"2026-04-27T09:06:45+00:00","article_modified_time":"2026-04-27T09:22:51+00:00","og_image":[{"width":2473,"height":1388,"url":"https:\/\/silencia.ch\/wp-content\/uploads\/2026\/04\/11062b_5f1aa787f94f4caf99c57af80c4d4419mv2-1.webp","type":"image\/webp"}],"author":"Silencia Meditation","twitter_card":"summary_large_image","twitter_misc":{"Written by":"Silencia Meditation","Estimated reading time":"3 minutes"},"schema":{"@context":"https:\/\/schema.org","@graph":[{"@type":"Article","@id":"https:\/\/silencia.ch\/2026\/04\/27\/que-se-passe-t-il-dans-le-cerveau-quand-on-medite-plusieurs-heures-par-jour\/#article","isPartOf":{"@id":"https:\/\/silencia.ch\/2026\/04\/27\/que-se-passe-t-il-dans-le-cerveau-quand-on-medite-plusieurs-heures-par-jour\/"},"author":{"name":"Silencia Meditation","@id":"https:\/\/silencia.ch\/#\/schema\/person\/776dcc0e5e004a700970acf5332ec124"},"headline":"Que se passe-t-il dans le cerveau quand on m\u00e9dite plusieurs heures par jour ?","datePublished":"2026-04-27T09:06:45+00:00","dateModified":"2026-04-27T09:22:51+00:00","mainEntityOfPage":{"@id":"https:\/\/silencia.ch\/2026\/04\/27\/que-se-passe-t-il-dans-le-cerveau-quand-on-medite-plusieurs-heures-par-jour\/"},"wordCount":547,"commentCount":0,"publisher":{"@id":"https:\/\/silencia.ch\/#organization"},"image":{"@id":"https:\/\/silencia.ch\/2026\/04\/27\/que-se-passe-t-il-dans-le-cerveau-quand-on-medite-plusieurs-heures-par-jour\/#primaryimage"},"thumbnailUrl":"https:\/\/i0.wp.com\/silencia.ch\/wp-content\/uploads\/2026\/04\/11062b_5f1aa787f94f4caf99c57af80c4d4419mv2-1.webp?fit=2473%2C1388&ssl=1","articleSection":["Uncategorized"],"inLanguage":"en-GB","potentialAction":[{"@type":"CommentAction","name":"Comment","target":["https:\/\/silencia.ch\/2026\/04\/27\/que-se-passe-t-il-dans-le-cerveau-quand-on-medite-plusieurs-heures-par-jour\/#respond"]}]},{"@type":"WebPage","@id":"https:\/\/silencia.ch\/2026\/04\/27\/que-se-passe-t-il-dans-le-cerveau-quand-on-medite-plusieurs-heures-par-jour\/","url":"https:\/\/silencia.ch\/2026\/04\/27\/que-se-passe-t-il-dans-le-cerveau-quand-on-medite-plusieurs-heures-par-jour\/","name":"Que se passe-t-il dans le cerveau quand on m\u00e9dite plusieurs heures par jour ? - PRESENCE, SILENCE &amp; CLART\u00c9 MENTALE","isPartOf":{"@id":"https:\/\/silencia.ch\/#website"},"primaryImageOfPage":{"@id":"https:\/\/silencia.ch\/2026\/04\/27\/que-se-passe-t-il-dans-le-cerveau-quand-on-medite-plusieurs-heures-par-jour\/#primaryimage"},"image":{"@id":"https:\/\/silencia.ch\/2026\/04\/27\/que-se-passe-t-il-dans-le-cerveau-quand-on-medite-plusieurs-heures-par-jour\/#primaryimage"},"thumbnailUrl":"https:\/\/i0.wp.com\/silencia.ch\/wp-content\/uploads\/2026\/04\/11062b_5f1aa787f94f4caf99c57af80c4d4419mv2-1.webp?fit=2473%2C1388&ssl=1","datePublished":"2026-04-27T09:06:45+00:00","dateModified":"2026-04-27T09:22:51+00:00","breadcrumb":{"@id":"https:\/\/silencia.ch\/2026\/04\/27\/que-se-passe-t-il-dans-le-cerveau-quand-on-medite-plusieurs-heures-par-jour\/#breadcrumb"},"inLanguage":"en-GB","potentialAction":[{"@type":"ReadAction","target":["https:\/\/silencia.ch\/2026\/04\/27\/que-se-passe-t-il-dans-le-cerveau-quand-on-medite-plusieurs-heures-par-jour\/"]}]},{"@type":"ImageObject","inLanguage":"en-GB","@id":"https:\/\/silencia.ch\/2026\/04\/27\/que-se-passe-t-il-dans-le-cerveau-quand-on-medite-plusieurs-heures-par-jour\/#primaryimage","url":"https:\/\/i0.wp.com\/silencia.ch\/wp-content\/uploads\/2026\/04\/11062b_5f1aa787f94f4caf99c57af80c4d4419mv2-1.webp?fit=2473%2C1388&ssl=1","contentUrl":"https:\/\/i0.wp.com\/silencia.ch\/wp-content\/uploads\/2026\/04\/11062b_5f1aa787f94f4caf99c57af80c4d4419mv2-1.webp?fit=2473%2C1388&ssl=1","width":2473,"height":1388},{"@type":"BreadcrumbList","@id":"https:\/\/silencia.ch\/2026\/04\/27\/que-se-passe-t-il-dans-le-cerveau-quand-on-medite-plusieurs-heures-par-jour\/#breadcrumb","itemListElement":[{"@type":"ListItem","position":1,"name":"Accueil","item":"https:\/\/silencia.ch\/"},{"@type":"ListItem","position":2,"name":"Que se passe-t-il dans le cerveau quand on m\u00e9dite plusieurs heures par jour ?"}]},{"@type":"WebSite","@id":"https:\/\/silencia.ch\/#website","url":"https:\/\/silencia.ch\/","name":"SILENCIA","description":"PRESENCE, SILENCE &amp; MENTAL CLARITY","publisher":{"@id":"https:\/\/silencia.ch\/#organization"},"potentialAction":[{"@type":"SearchAction","target":{"@type":"EntryPoint","urlTemplate":"https:\/\/silencia.ch\/?s={search_term_string}"},"query-input":{"@type":"PropertyValueSpecification","valueRequired":true,"valueName":"search_term_string"}}],"inLanguage":"en-GB"},{"@type":"Organization","@id":"https:\/\/silencia.ch\/#organization","name":"SILENCIA","url":"https:\/\/silencia.ch\/","logo":{"@type":"ImageObject","inLanguage":"en-GB","@id":"https:\/\/silencia.ch\/#\/schema\/logo\/image\/","url":"https:\/\/i0.wp.com\/silencia.ch\/wp-content\/uploads\/2025\/11\/black-and-white-minimalist-business-logo.png?fit=500%2C500&ssl=1","contentUrl":"https:\/\/i0.wp.com\/silencia.ch\/wp-content\/uploads\/2025\/11\/black-and-white-minimalist-business-logo.png?fit=500%2C500&ssl=1","width":500,"height":500,"caption":"SILENCIA"},"image":{"@id":"https:\/\/silencia.ch\/#\/schema\/logo\/image\/"},"sameAs":["https:\/\/www.linkedin.com\/in\/melissa-matteucci-446286\/","https:\/\/www.youtube.com\/@M\u00e9ditationsilencieuse","https:\/\/www.instagram.com\/silencia.ch\/"]},{"@type":"Person","@id":"https:\/\/silencia.ch\/#\/schema\/person\/776dcc0e5e004a700970acf5332ec124","name":"Calm Meditation","image":{"@type":"ImageObject","inLanguage":"en-GB","@id":"https:\/\/secure.gravatar.com\/avatar\/2c8af0880a27b9feda121115b20bda21042e5aae42a0a71a6c8238879c6a934c?s=96&d=identicon&r=g","url":"https:\/\/secure.gravatar.com\/avatar\/2c8af0880a27b9feda121115b20bda21042e5aae42a0a71a6c8238879c6a934c?s=96&d=identicon&r=g","contentUrl":"https:\/\/secure.gravatar.com\/avatar\/2c8af0880a27b9feda121115b20bda21042e5aae42a0a71a6c8238879c6a934c?s=96&d=identicon&r=g","caption":"Silencia Meditation"},"sameAs":["https:\/\/silencia.ch\/"],"url":"https:\/\/silencia.ch\/en\/author\/silencia2026\/"}]}},"jetpack_publicize_connections":[],"jetpack_featured_media_url":"https:\/\/i0.wp.com\/silencia.ch\/wp-content\/uploads\/2026\/04\/11062b_5f1aa787f94f4caf99c57af80c4d4419mv2-1.webp?fit=2473%2C1388&ssl=1","jetpack_likes_enabled":true,"jetpack_sharing_enabled":true,"jetpack_shortlink":"https:\/\/wp.me\/pgVt3Y-eV","jetpack-related-posts":[],"_links":{"self":[{"href":"https:\/\/silencia.ch\/en\/wp-json\/wp\/v2\/posts\/925","targetHints":{"allow":["GET"]}}],"collection":[{"href":"https:\/\/silencia.ch\/en\/wp-json\/wp\/v2\/posts"}],"about":[{"href":"https:\/\/silencia.ch\/en\/wp-json\/wp\/v2\/types\/post"}],"author":[{"embeddable":true,"href":"https:\/\/silencia.ch\/en\/wp-json\/wp\/v2\/users\/260171625"}],"replies":[{"embeddable":true,"href":"https:\/\/silencia.ch\/en\/wp-json\/wp\/v2\/comments?post=925"}],"version-history":[{"count":9,"href":"https:\/\/silencia.ch\/en\/wp-json\/wp\/v2\/posts\/925\/revisions"}],"predecessor-version":[{"id":938,"href":"https:\/\/silencia.ch\/en\/wp-json\/wp\/v2\/posts\/925\/revisions\/938"}],"wp:featuredmedia":[{"embeddable":true,"href":"https:\/\/silencia.ch\/en\/wp-json\/wp\/v2\/media\/934"}],"wp:attachment":[{"href":"https:\/\/silencia.ch\/en\/wp-json\/wp\/v2\/media?parent=925"}],"wp:term":[{"taxonomy":"category","embeddable":true,"href":"https:\/\/silencia.ch\/en\/wp-json\/wp\/v2\/categories?post=925"},{"taxonomy":"post_tag","embeddable":true,"href":"https:\/\/silencia.ch\/en\/wp-json\/wp\/v2\/tags?post=925"}],"curies":[{"name":"wp","href":"https:\/\/api.w.org\/{rel}","templated":true}]}}