{"id":719,"date":"2026-03-12T13:45:14","date_gmt":"2026-03-12T12:45:14","guid":{"rendered":"https:\/\/silencia.ch\/?p=719"},"modified":"2026-03-12T13:53:54","modified_gmt":"2026-03-12T12:53:54","slug":"pourquoi-lattention-devient-la-competence-cle-du-leadership","status":"publish","type":"post","link":"https:\/\/silencia.ch\/en\/2026\/03\/12\/pourquoi-lattention-devient-la-competence-cle-du-leadership\/","title":{"rendered":"Why attention is becoming the key leadership skill ?"},"content":{"rendered":"<div class=\"wp-block-group alignwide has-global-padding is-layout-constrained wp-block-group-is-layout-constrained\" style=\"padding-top:var(--wp--preset--spacing--60);padding-bottom:var(--wp--preset--spacing--60)\"><h1 style=\"margin-bottom:var(--wp--preset--spacing--60);\" class=\"has-text-align-center alignwide wp-block-post-title\">Why attention is becoming the key leadership skill ?<\/h1>\n\n<figure style=\"margin-bottom:var(--wp--preset--spacing--60);\" class=\"wp-block-post-featured-image\"><img data-recalc-dims=\"1\" loading=\"lazy\" decoding=\"async\" width=\"642\" height=\"422\" src=\"https:\/\/i0.wp.com\/silencia.ch\/wp-content\/uploads\/2026\/03\/Capture-decran-2026-03-09-a-12.48.38.png?resize=642%2C422&#038;ssl=1\" class=\"attachment-post-thumbnail size-post-thumbnail wp-post-image\" alt=\"\" style=\"object-fit:cover;\" srcset=\"https:\/\/i0.wp.com\/silencia.ch\/wp-content\/uploads\/2026\/03\/Capture-decran-2026-03-09-a-12.48.38.png?w=642&amp;ssl=1 642w, https:\/\/i0.wp.com\/silencia.ch\/wp-content\/uploads\/2026\/03\/Capture-decran-2026-03-09-a-12.48.38.png?resize=300%2C197&amp;ssl=1 300w\" sizes=\"auto, (max-width: 642px) 100vw, 642px\" data-attachment-id=\"741\" data-permalink=\"https:\/\/silencia.ch\/en\/2026\/03\/12\/pourquoi-lattention-devient-la-competence-cle-du-leadership\/capture-decran-2026-03-09-a-12-48-38\/\" data-orig-file=\"https:\/\/i0.wp.com\/silencia.ch\/wp-content\/uploads\/2026\/03\/Capture-decran-2026-03-09-a-12.48.38.png?fit=642%2C422&amp;ssl=1\" data-orig-size=\"642,422\" data-comments-opened=\"1\" data-image-meta=\"{&quot;aperture&quot;:&quot;0&quot;,&quot;credit&quot;:&quot;&quot;,&quot;camera&quot;:&quot;&quot;,&quot;caption&quot;:&quot;&quot;,&quot;created_timestamp&quot;:&quot;0&quot;,&quot;copyright&quot;:&quot;&quot;,&quot;focal_length&quot;:&quot;0&quot;,&quot;iso&quot;:&quot;0&quot;,&quot;shutter_speed&quot;:&quot;0&quot;,&quot;title&quot;:&quot;&quot;,&quot;orientation&quot;:&quot;0&quot;}\" data-image-title=\"Capture d\u2019e\u0301cran 2026-03-09 a\u0300 12.48.38\" data-image-description=\"\" data-image-caption=\"\" data-large-file=\"https:\/\/i0.wp.com\/silencia.ch\/wp-content\/uploads\/2026\/03\/Capture-decran-2026-03-09-a-12.48.38.png?fit=642%2C422&amp;ssl=1\" \/><\/figure>\n\n\n<p class=\"has-text-align-left wp-block-paragraph\">Why attention is becoming the key leadership skill ?<\/p>\n\n\n\n<p class=\"wp-block-paragraph\">Dans les organisations contemporaines, la vitesse s\u2019est impos\u00e9e comme norme.<\/p>\n\n\n\n<p class=\"wp-block-paragraph\">R\u00e9unions qui s\u2019encha\u00eenent, flux constant d\u2019informations, sollicitations multiples, d\u00e9cisions \u00e0 prendre rapidement.<br>Dans cet environnement, l\u2019attention est devenue l\u2019une des ressources les plus rares.<\/p>\n\n\n\n<p class=\"wp-block-paragraph\">Et pourtant, la qualit\u00e9 du leadership d\u00e9pend directement de la qualit\u00e9 d\u2019attention du dirigeant.<\/p>\n\n\n\n<p class=\"wp-block-paragraph\">Un leader ne prend pas seulement des d\u00e9cisions.<br>Il observe, \u00e9coute, \u00e9value des situations complexes et per\u00e7oit ce qui n\u2019est pas toujours imm\u00e9diatement visible.<\/p>\n\n\n\n<p class=\"wp-block-paragraph\">Lorsque l\u2019attention est fragment\u00e9e, la capacit\u00e9 de discernement diminue.<br>Les d\u00e9cisions deviennent plus r\u00e9actives, les tensions augmentent et les relations peuvent se fragiliser.<\/p>\n\n\n\n<p class=\"wp-block-paragraph\">\u00c0 l\u2019inverse, lorsque l\u2019attention se stabilise, un espace appara\u00eet.<\/p>\n\n\n\n<p class=\"wp-block-paragraph\">Un espace qui permet de voir plus clairement, de prendre du recul et de choisir avec plus de justesse.<\/p>\n\n\n\n<p class=\"wp-block-paragraph\">Dans cet espace, le dirigeant retrouve sa capacit\u00e9 essentielle : celle de discerner.<\/p>\n\n\n\n<hr class=\"wp-block-separator has-alpha-channel-opacity\"\/>\n\n\n\n<h2 class=\"wp-block-heading\">Attention: a strategic skill<\/h2>\n\n\n\n<p class=\"wp-block-paragraph\">Longtemps consid\u00e9r\u00e9e comme une simple capacit\u00e9 cognitive, l\u2019attention appara\u00eet aujourd\u2019hui comme une comp\u00e9tence strat\u00e9gique pour le leadership.<\/p>\n\n\n\n<p class=\"wp-block-paragraph\">Elle influence directement :<\/p>\n\n\n\n<ul class=\"wp-block-list\">\n<li>la qualit\u00e9 des d\u00e9cisions<\/li>\n\n\n\n<li>la capacit\u00e9 d\u2019\u00e9coute<\/li>\n\n\n\n<li>la r\u00e9gulation du stress<\/li>\n\n\n\n<li>la qualit\u00e9 des relations au sein des \u00e9quipes<\/li>\n\n\n\n<li>la mani\u00e8re dont un leader traverse l\u2019incertitude.<\/li>\n<\/ul>\n\n\n\n<p class=\"wp-block-paragraph\">Dans un monde satur\u00e9 d\u2019informations, celui qui ma\u00eetrise son attention poss\u00e8de un avantage consid\u00e9rable.<\/p>\n\n\n\n<hr class=\"wp-block-separator has-alpha-channel-opacity\"\/>\n\n\n\n<h2 class=\"wp-block-heading\">Le d\u00e9fi de l\u2019attention dans un monde satur\u00e9<\/h2>\n\n\n\n<p class=\"wp-block-paragraph\">Le d\u00e9fi pour les dirigeants n\u2019est plus seulement d\u2019acqu\u00e9rir de nouvelles connaissances.<\/p>\n\n\n\n<p class=\"wp-block-paragraph\">Le v\u00e9ritable d\u00e9fi est souvent de&nbsp;<strong>pr\u00e9server la qualit\u00e9 de leur pr\u00e9sence int\u00e9rieure<\/strong>.<\/p>\n\n\n\n<p class=\"wp-block-paragraph\">Car lorsque l\u2019esprit est satur\u00e9, m\u00eame les comp\u00e9tences les plus solides peuvent \u00eatre alt\u00e9r\u00e9es.<\/p>\n\n\n\n<p class=\"wp-block-paragraph\">De nombreux dirigeants d\u00e9crivent aujourd\u2019hui une forme de fatigue mentale li\u00e9e \u00e0 la fragmentation de l\u2019attention.<\/p>\n\n\n\n<p class=\"wp-block-paragraph\">Non pas un manque d\u2019engagement, mais une difficult\u00e9 \u00e0 maintenir une attention stable dans un environnement o\u00f9 tout pousse \u00e0 la dispersion.<\/p>\n\n\n\n<hr class=\"wp-block-separator has-alpha-channel-opacity\"\/>\n\n\n\n<h2 class=\"wp-block-heading\">Cultiver l\u2019attention<\/h2>\n\n\n\n<p class=\"wp-block-paragraph\">La bonne nouvelle est que l\u2019attention peut se cultiver.<\/p>\n\n\n\n<p class=\"wp-block-paragraph\">Comme un muscle, elle se renforce par l\u2019entra\u00eenement.<\/p>\n\n\n\n<p class=\"wp-block-paragraph\">Certaines organisations commencent \u00e0 int\u00e9grer des pratiques simples permettant aux dirigeants et aux \u00e9quipes de stabiliser leur attention : moments de silence, pratiques de pr\u00e9sence ou m\u00e9ditation.<\/p>\n\n\n\n<p class=\"wp-block-paragraph\">Ces pratiques ne visent pas \u00e0 ralentir l\u2019organisation, mais \u00e0 soutenir la qualit\u00e9 des d\u00e9cisions et la stabilit\u00e9 int\u00e9rieure des leaders.<\/p>\n\n\n\n<p class=\"wp-block-paragraph\">Car dans un environnement complexe, ce n\u2019est pas seulement la rapidit\u00e9 qui fait la diff\u00e9rence.<\/p>\n\n\n\n<p class=\"wp-block-paragraph\">C\u2019est la qualit\u00e9 de pr\u00e9sence avec laquelle une d\u00e9cision est prise.<\/p>\n\n\n\n<hr class=\"wp-block-separator has-alpha-channel-opacity\"\/>\n\n\n\n<h2 class=\"wp-block-heading\">Leadership and presence<\/h2>\n\n\n\n<p class=\"wp-block-paragraph\">Les leaders qui d\u00e9veloppent cette capacit\u00e9 d\u00e9couvrent souvent quelque chose de simple mais puissant :<\/p>\n\n\n\n<p class=\"wp-block-paragraph\">la qualit\u00e9 de leurs d\u00e9cisions d\u00e9pend profond\u00e9ment de la qualit\u00e9 de leur pr\u00e9sence.<\/p>\n\n\n\n<p class=\"wp-block-paragraph\">Dans un monde qui s\u2019acc\u00e9l\u00e8re, la capacit\u00e9 \u00e0 ralentir int\u00e9rieurement devient une comp\u00e9tence essentielle.<\/p>\n\n\n\n<p class=\"wp-block-paragraph\">Peut-\u00eatre m\u00eame l\u2019une des plus pr\u00e9cieuses pour le leadership de demain.<\/p>\n<\/div>","protected":false},"excerpt":{"rendered":"<p>Pourquoi l\u2019attention devient la comp\u00e9tence cl\u00e9 du leadership Dans les organisations contemporaines, la vitesse s\u2019est impos\u00e9e comme norme. R\u00e9unions qui s\u2019encha\u00eenent, flux constant d\u2019informations, sollicitations multiples, d\u00e9cisions \u00e0 prendre rapidement.Dans cet environnement, l\u2019attention est devenue l\u2019une des ressources les plus rares. Et pourtant, la qualit\u00e9 du leadership d\u00e9pend directement de la qualit\u00e9 d\u2019attention du dirigeant. [&hellip;]<\/p>\n","protected":false},"author":260171625,"featured_media":741,"comment_status":"open","ping_status":"open","sticky":false,"template":"","format":"standard","meta":{"_crdt_document":"","_jetpack_newsletter_access":"","_jetpack_dont_email_post_to_subs":false,"_jetpack_newsletter_tier_id":0,"_jetpack_memberships_contains_paywalled_content":false,"_jetpack_memberships_contains_paid_content":false,"footnotes":"","jetpack_publicize_message":"","jetpack_publicize_feature_enabled":true,"jetpack_social_post_already_shared":true,"jetpack_social_options":{"image_generator_settings":{"template":"highway","default_image_id":0,"font":"","enabled":false},"version":2},"jetpack_post_was_ever_published":false},"categories":[1],"tags":[],"class_list":["post-719","post","type-post","status-publish","format-standard","has-post-thumbnail","hentry","category-uncategorized"],"yoast_head":"<!-- This site is optimized with the Yoast SEO plugin v27.5 - https:\/\/yoast.com\/product\/yoast-seo-wordpress\/ -->\n<title>Pourquoi l\u2019attention devient la comp\u00e9tence cl\u00e9 du leadership - PRESENCE, SILENCE &amp; CLART\u00c9 MENTALE<\/title>\n<meta name=\"robots\" content=\"index, follow, max-snippet:-1, max-image-preview:large, max-video-preview:-1\" \/>\n<link rel=\"canonical\" href=\"https:\/\/silencia.ch\/en\/2026\/03\/12\/pourquoi-lattention-devient-la-competence-cle-du-leadership\/\" \/>\n<meta property=\"og:locale\" content=\"en_GB\" \/>\n<meta property=\"og:type\" content=\"article\" \/>\n<meta property=\"og:title\" content=\"Pourquoi l\u2019attention devient la comp\u00e9tence cl\u00e9 du leadership - PRESENCE, SILENCE &amp; CLART\u00c9 MENTALE\" \/>\n<meta property=\"og:description\" content=\"Pourquoi l\u2019attention devient la comp\u00e9tence cl\u00e9 du leadership Dans les organisations contemporaines, la vitesse s\u2019est impos\u00e9e comme norme. R\u00e9unions qui s\u2019encha\u00eenent, flux constant d\u2019informations, sollicitations multiples, d\u00e9cisions \u00e0 prendre rapidement.Dans cet environnement, l\u2019attention est devenue l\u2019une des ressources les plus rares. Et pourtant, la qualit\u00e9 du leadership d\u00e9pend directement de la qualit\u00e9 d\u2019attention du dirigeant. [&hellip;]\" \/>\n<meta property=\"og:url\" content=\"https:\/\/silencia.ch\/en\/2026\/03\/12\/pourquoi-lattention-devient-la-competence-cle-du-leadership\/\" \/>\n<meta property=\"og:site_name\" content=\"PRESENCE, SILENCE &amp; CLART\u00c9 MENTALE\" \/>\n<meta property=\"article:published_time\" content=\"2026-03-12T12:45:14+00:00\" \/>\n<meta property=\"article:modified_time\" content=\"2026-03-12T12:53:54+00:00\" \/>\n<meta property=\"og:image\" content=\"https:\/\/silencia.ch\/wp-content\/uploads\/2026\/03\/Capture-decran-2026-03-09-a-12.48.38.png\" \/>\n\t<meta property=\"og:image:width\" content=\"642\" \/>\n\t<meta property=\"og:image:height\" content=\"422\" \/>\n\t<meta property=\"og:image:type\" content=\"image\/png\" \/>\n<meta name=\"author\" content=\"Silencia Meditation\" \/>\n<meta name=\"twitter:card\" content=\"summary_large_image\" \/>\n<meta name=\"twitter:label1\" content=\"Written by\" \/>\n\t<meta name=\"twitter:data1\" content=\"Silencia Meditation\" \/>\n\t<meta name=\"twitter:label2\" content=\"Estimated reading time\" \/>\n\t<meta name=\"twitter:data2\" content=\"3 minutes\" \/>\n<script type=\"application\/ld+json\" class=\"yoast-schema-graph\">{\"@context\":\"https:\\\/\\\/schema.org\",\"@graph\":[{\"@type\":\"Article\",\"@id\":\"https:\\\/\\\/silencia.ch\\\/2026\\\/03\\\/12\\\/pourquoi-lattention-devient-la-competence-cle-du-leadership\\\/#article\",\"isPartOf\":{\"@id\":\"https:\\\/\\\/silencia.ch\\\/2026\\\/03\\\/12\\\/pourquoi-lattention-devient-la-competence-cle-du-leadership\\\/\"},\"author\":{\"name\":\"Silencia Meditation\",\"@id\":\"https:\\\/\\\/silencia.ch\\\/#\\\/schema\\\/person\\\/776dcc0e5e004a700970acf5332ec124\"},\"headline\":\"Pourquoi l\u2019attention devient la comp\u00e9tence cl\u00e9 du leadership\",\"datePublished\":\"2026-03-12T12:45:14+00:00\",\"dateModified\":\"2026-03-12T12:53:54+00:00\",\"mainEntityOfPage\":{\"@id\":\"https:\\\/\\\/silencia.ch\\\/2026\\\/03\\\/12\\\/pourquoi-lattention-devient-la-competence-cle-du-leadership\\\/\"},\"wordCount\":538,\"commentCount\":0,\"publisher\":{\"@id\":\"https:\\\/\\\/silencia.ch\\\/#organization\"},\"image\":{\"@id\":\"https:\\\/\\\/silencia.ch\\\/2026\\\/03\\\/12\\\/pourquoi-lattention-devient-la-competence-cle-du-leadership\\\/#primaryimage\"},\"thumbnailUrl\":\"https:\\\/\\\/i0.wp.com\\\/silencia.ch\\\/wp-content\\\/uploads\\\/2026\\\/03\\\/Capture-decran-2026-03-09-a-12.48.38.png?fit=642%2C422&ssl=1\",\"articleSection\":[\"Uncategorized\"],\"inLanguage\":\"en-GB\",\"potentialAction\":[{\"@type\":\"CommentAction\",\"name\":\"Comment\",\"target\":[\"https:\\\/\\\/silencia.ch\\\/2026\\\/03\\\/12\\\/pourquoi-lattention-devient-la-competence-cle-du-leadership\\\/#respond\"]}]},{\"@type\":\"WebPage\",\"@id\":\"https:\\\/\\\/silencia.ch\\\/2026\\\/03\\\/12\\\/pourquoi-lattention-devient-la-competence-cle-du-leadership\\\/\",\"url\":\"https:\\\/\\\/silencia.ch\\\/2026\\\/03\\\/12\\\/pourquoi-lattention-devient-la-competence-cle-du-leadership\\\/\",\"name\":\"Pourquoi l\u2019attention devient la comp\u00e9tence cl\u00e9 du leadership - PRESENCE, SILENCE &amp; CLART\u00c9 MENTALE\",\"isPartOf\":{\"@id\":\"https:\\\/\\\/silencia.ch\\\/#website\"},\"primaryImageOfPage\":{\"@id\":\"https:\\\/\\\/silencia.ch\\\/2026\\\/03\\\/12\\\/pourquoi-lattention-devient-la-competence-cle-du-leadership\\\/#primaryimage\"},\"image\":{\"@id\":\"https:\\\/\\\/silencia.ch\\\/2026\\\/03\\\/12\\\/pourquoi-lattention-devient-la-competence-cle-du-leadership\\\/#primaryimage\"},\"thumbnailUrl\":\"https:\\\/\\\/i0.wp.com\\\/silencia.ch\\\/wp-content\\\/uploads\\\/2026\\\/03\\\/Capture-decran-2026-03-09-a-12.48.38.png?fit=642%2C422&ssl=1\",\"datePublished\":\"2026-03-12T12:45:14+00:00\",\"dateModified\":\"2026-03-12T12:53:54+00:00\",\"breadcrumb\":{\"@id\":\"https:\\\/\\\/silencia.ch\\\/2026\\\/03\\\/12\\\/pourquoi-lattention-devient-la-competence-cle-du-leadership\\\/#breadcrumb\"},\"inLanguage\":\"en-GB\",\"potentialAction\":[{\"@type\":\"ReadAction\",\"target\":[\"https:\\\/\\\/silencia.ch\\\/2026\\\/03\\\/12\\\/pourquoi-lattention-devient-la-competence-cle-du-leadership\\\/\"]}]},{\"@type\":\"ImageObject\",\"inLanguage\":\"en-GB\",\"@id\":\"https:\\\/\\\/silencia.ch\\\/2026\\\/03\\\/12\\\/pourquoi-lattention-devient-la-competence-cle-du-leadership\\\/#primaryimage\",\"url\":\"https:\\\/\\\/i0.wp.com\\\/silencia.ch\\\/wp-content\\\/uploads\\\/2026\\\/03\\\/Capture-decran-2026-03-09-a-12.48.38.png?fit=642%2C422&ssl=1\",\"contentUrl\":\"https:\\\/\\\/i0.wp.com\\\/silencia.ch\\\/wp-content\\\/uploads\\\/2026\\\/03\\\/Capture-decran-2026-03-09-a-12.48.38.png?fit=642%2C422&ssl=1\",\"width\":642,\"height\":422},{\"@type\":\"BreadcrumbList\",\"@id\":\"https:\\\/\\\/silencia.ch\\\/2026\\\/03\\\/12\\\/pourquoi-lattention-devient-la-competence-cle-du-leadership\\\/#breadcrumb\",\"itemListElement\":[{\"@type\":\"ListItem\",\"position\":1,\"name\":\"Accueil\",\"item\":\"https:\\\/\\\/silencia.ch\\\/\"},{\"@type\":\"ListItem\",\"position\":2,\"name\":\"Pourquoi l\u2019attention devient la comp\u00e9tence cl\u00e9 du leadership\"}]},{\"@type\":\"WebSite\",\"@id\":\"https:\\\/\\\/silencia.ch\\\/#website\",\"url\":\"https:\\\/\\\/silencia.ch\\\/\",\"name\":\"SILENCIA\",\"description\":\"PRESENCE, SILENCE &amp; CLART\u00c9 MENTALE\",\"publisher\":{\"@id\":\"https:\\\/\\\/silencia.ch\\\/#organization\"},\"potentialAction\":[{\"@type\":\"SearchAction\",\"target\":{\"@type\":\"EntryPoint\",\"urlTemplate\":\"https:\\\/\\\/silencia.ch\\\/?s={search_term_string}\"},\"query-input\":{\"@type\":\"PropertyValueSpecification\",\"valueRequired\":true,\"valueName\":\"search_term_string\"}}],\"inLanguage\":\"en-GB\"},{\"@type\":\"Organization\",\"@id\":\"https:\\\/\\\/silencia.ch\\\/#organization\",\"name\":\"SILENCIA\",\"url\":\"https:\\\/\\\/silencia.ch\\\/\",\"logo\":{\"@type\":\"ImageObject\",\"inLanguage\":\"en-GB\",\"@id\":\"https:\\\/\\\/silencia.ch\\\/#\\\/schema\\\/logo\\\/image\\\/\",\"url\":\"https:\\\/\\\/i0.wp.com\\\/silencia.ch\\\/wp-content\\\/uploads\\\/2025\\\/11\\\/black-and-white-minimalist-business-logo.png?fit=500%2C500&ssl=1\",\"contentUrl\":\"https:\\\/\\\/i0.wp.com\\\/silencia.ch\\\/wp-content\\\/uploads\\\/2025\\\/11\\\/black-and-white-minimalist-business-logo.png?fit=500%2C500&ssl=1\",\"width\":500,\"height\":500,\"caption\":\"SILENCIA\"},\"image\":{\"@id\":\"https:\\\/\\\/silencia.ch\\\/#\\\/schema\\\/logo\\\/image\\\/\"},\"sameAs\":[\"https:\\\/\\\/www.linkedin.com\\\/in\\\/melissa-matteucci-446286\\\/\",\"https:\\\/\\\/www.youtube.com\\\/@M\u00e9ditationsilencieuse\",\"https:\\\/\\\/www.instagram.com\\\/silencia.ch\\\/\"]},{\"@type\":\"Person\",\"@id\":\"https:\\\/\\\/silencia.ch\\\/#\\\/schema\\\/person\\\/776dcc0e5e004a700970acf5332ec124\",\"name\":\"Silencia Meditation\",\"image\":{\"@type\":\"ImageObject\",\"inLanguage\":\"en-GB\",\"@id\":\"https:\\\/\\\/secure.gravatar.com\\\/avatar\\\/2c8af0880a27b9feda121115b20bda21042e5aae42a0a71a6c8238879c6a934c?s=96&d=identicon&r=g\",\"url\":\"https:\\\/\\\/secure.gravatar.com\\\/avatar\\\/2c8af0880a27b9feda121115b20bda21042e5aae42a0a71a6c8238879c6a934c?s=96&d=identicon&r=g\",\"contentUrl\":\"https:\\\/\\\/secure.gravatar.com\\\/avatar\\\/2c8af0880a27b9feda121115b20bda21042e5aae42a0a71a6c8238879c6a934c?s=96&d=identicon&r=g\",\"caption\":\"Silencia Meditation\"},\"sameAs\":[\"https:\\\/\\\/silencia.ch\\\/\"],\"url\":\"https:\\\/\\\/silencia.ch\\\/en\\\/author\\\/silencia2026\\\/\"}]}<\/script>\n<!-- \/ Yoast SEO plugin. -->","yoast_head_json":{"title":"Pourquoi l\u2019attention devient la comp\u00e9tence cl\u00e9 du leadership - PRESENCE, SILENCE &amp; CLART\u00c9 MENTALE","robots":{"index":"index","follow":"follow","max-snippet":"max-snippet:-1","max-image-preview":"max-image-preview:large","max-video-preview":"max-video-preview:-1"},"canonical":"https:\/\/silencia.ch\/en\/2026\/03\/12\/pourquoi-lattention-devient-la-competence-cle-du-leadership\/","og_locale":"en_GB","og_type":"article","og_title":"Pourquoi l\u2019attention devient la comp\u00e9tence cl\u00e9 du leadership - PRESENCE, SILENCE &amp; CLART\u00c9 MENTALE","og_description":"Pourquoi l\u2019attention devient la comp\u00e9tence cl\u00e9 du leadership Dans les organisations contemporaines, la vitesse s\u2019est impos\u00e9e comme norme. R\u00e9unions qui s\u2019encha\u00eenent, flux constant d\u2019informations, sollicitations multiples, d\u00e9cisions \u00e0 prendre rapidement.Dans cet environnement, l\u2019attention est devenue l\u2019une des ressources les plus rares. Et pourtant, la qualit\u00e9 du leadership d\u00e9pend directement de la qualit\u00e9 d\u2019attention du dirigeant. [&hellip;]","og_url":"https:\/\/silencia.ch\/en\/2026\/03\/12\/pourquoi-lattention-devient-la-competence-cle-du-leadership\/","og_site_name":"PRESENCE, SILENCE &amp; CLART\u00c9 MENTALE","article_published_time":"2026-03-12T12:45:14+00:00","article_modified_time":"2026-03-12T12:53:54+00:00","og_image":[{"width":642,"height":422,"url":"https:\/\/silencia.ch\/wp-content\/uploads\/2026\/03\/Capture-decran-2026-03-09-a-12.48.38.png","type":"image\/png"}],"author":"Silencia Meditation","twitter_card":"summary_large_image","twitter_misc":{"Written by":"Silencia Meditation","Estimated reading time":"3 minutes"},"schema":{"@context":"https:\/\/schema.org","@graph":[{"@type":"Article","@id":"https:\/\/silencia.ch\/2026\/03\/12\/pourquoi-lattention-devient-la-competence-cle-du-leadership\/#article","isPartOf":{"@id":"https:\/\/silencia.ch\/2026\/03\/12\/pourquoi-lattention-devient-la-competence-cle-du-leadership\/"},"author":{"name":"Silencia Meditation","@id":"https:\/\/silencia.ch\/#\/schema\/person\/776dcc0e5e004a700970acf5332ec124"},"headline":"Pourquoi l\u2019attention devient la comp\u00e9tence cl\u00e9 du leadership","datePublished":"2026-03-12T12:45:14+00:00","dateModified":"2026-03-12T12:53:54+00:00","mainEntityOfPage":{"@id":"https:\/\/silencia.ch\/2026\/03\/12\/pourquoi-lattention-devient-la-competence-cle-du-leadership\/"},"wordCount":538,"commentCount":0,"publisher":{"@id":"https:\/\/silencia.ch\/#organization"},"image":{"@id":"https:\/\/silencia.ch\/2026\/03\/12\/pourquoi-lattention-devient-la-competence-cle-du-leadership\/#primaryimage"},"thumbnailUrl":"https:\/\/i0.wp.com\/silencia.ch\/wp-content\/uploads\/2026\/03\/Capture-decran-2026-03-09-a-12.48.38.png?fit=642%2C422&ssl=1","articleSection":["Uncategorized"],"inLanguage":"en-GB","potentialAction":[{"@type":"CommentAction","name":"Comment","target":["https:\/\/silencia.ch\/2026\/03\/12\/pourquoi-lattention-devient-la-competence-cle-du-leadership\/#respond"]}]},{"@type":"WebPage","@id":"https:\/\/silencia.ch\/2026\/03\/12\/pourquoi-lattention-devient-la-competence-cle-du-leadership\/","url":"https:\/\/silencia.ch\/2026\/03\/12\/pourquoi-lattention-devient-la-competence-cle-du-leadership\/","name":"Pourquoi l\u2019attention devient la comp\u00e9tence cl\u00e9 du leadership - PRESENCE, SILENCE &amp; CLART\u00c9 MENTALE","isPartOf":{"@id":"https:\/\/silencia.ch\/#website"},"primaryImageOfPage":{"@id":"https:\/\/silencia.ch\/2026\/03\/12\/pourquoi-lattention-devient-la-competence-cle-du-leadership\/#primaryimage"},"image":{"@id":"https:\/\/silencia.ch\/2026\/03\/12\/pourquoi-lattention-devient-la-competence-cle-du-leadership\/#primaryimage"},"thumbnailUrl":"https:\/\/i0.wp.com\/silencia.ch\/wp-content\/uploads\/2026\/03\/Capture-decran-2026-03-09-a-12.48.38.png?fit=642%2C422&ssl=1","datePublished":"2026-03-12T12:45:14+00:00","dateModified":"2026-03-12T12:53:54+00:00","breadcrumb":{"@id":"https:\/\/silencia.ch\/2026\/03\/12\/pourquoi-lattention-devient-la-competence-cle-du-leadership\/#breadcrumb"},"inLanguage":"en-GB","potentialAction":[{"@type":"ReadAction","target":["https:\/\/silencia.ch\/2026\/03\/12\/pourquoi-lattention-devient-la-competence-cle-du-leadership\/"]}]},{"@type":"ImageObject","inLanguage":"en-GB","@id":"https:\/\/silencia.ch\/2026\/03\/12\/pourquoi-lattention-devient-la-competence-cle-du-leadership\/#primaryimage","url":"https:\/\/i0.wp.com\/silencia.ch\/wp-content\/uploads\/2026\/03\/Capture-decran-2026-03-09-a-12.48.38.png?fit=642%2C422&ssl=1","contentUrl":"https:\/\/i0.wp.com\/silencia.ch\/wp-content\/uploads\/2026\/03\/Capture-decran-2026-03-09-a-12.48.38.png?fit=642%2C422&ssl=1","width":642,"height":422},{"@type":"BreadcrumbList","@id":"https:\/\/silencia.ch\/2026\/03\/12\/pourquoi-lattention-devient-la-competence-cle-du-leadership\/#breadcrumb","itemListElement":[{"@type":"ListItem","position":1,"name":"Accueil","item":"https:\/\/silencia.ch\/"},{"@type":"ListItem","position":2,"name":"Pourquoi l\u2019attention devient la comp\u00e9tence cl\u00e9 du leadership"}]},{"@type":"WebSite","@id":"https:\/\/silencia.ch\/#website","url":"https:\/\/silencia.ch\/","name":"SILENCIA","description":"PRESENCE, SILENCE &amp; MENTAL CLARITY","publisher":{"@id":"https:\/\/silencia.ch\/#organization"},"potentialAction":[{"@type":"SearchAction","target":{"@type":"EntryPoint","urlTemplate":"https:\/\/silencia.ch\/?s={search_term_string}"},"query-input":{"@type":"PropertyValueSpecification","valueRequired":true,"valueName":"search_term_string"}}],"inLanguage":"en-GB"},{"@type":"Organization","@id":"https:\/\/silencia.ch\/#organization","name":"SILENCIA","url":"https:\/\/silencia.ch\/","logo":{"@type":"ImageObject","inLanguage":"en-GB","@id":"https:\/\/silencia.ch\/#\/schema\/logo\/image\/","url":"https:\/\/i0.wp.com\/silencia.ch\/wp-content\/uploads\/2025\/11\/black-and-white-minimalist-business-logo.png?fit=500%2C500&ssl=1","contentUrl":"https:\/\/i0.wp.com\/silencia.ch\/wp-content\/uploads\/2025\/11\/black-and-white-minimalist-business-logo.png?fit=500%2C500&ssl=1","width":500,"height":500,"caption":"SILENCIA"},"image":{"@id":"https:\/\/silencia.ch\/#\/schema\/logo\/image\/"},"sameAs":["https:\/\/www.linkedin.com\/in\/melissa-matteucci-446286\/","https:\/\/www.youtube.com\/@M\u00e9ditationsilencieuse","https:\/\/www.instagram.com\/silencia.ch\/"]},{"@type":"Person","@id":"https:\/\/silencia.ch\/#\/schema\/person\/776dcc0e5e004a700970acf5332ec124","name":"Calm Meditation","image":{"@type":"ImageObject","inLanguage":"en-GB","@id":"https:\/\/secure.gravatar.com\/avatar\/2c8af0880a27b9feda121115b20bda21042e5aae42a0a71a6c8238879c6a934c?s=96&d=identicon&r=g","url":"https:\/\/secure.gravatar.com\/avatar\/2c8af0880a27b9feda121115b20bda21042e5aae42a0a71a6c8238879c6a934c?s=96&d=identicon&r=g","contentUrl":"https:\/\/secure.gravatar.com\/avatar\/2c8af0880a27b9feda121115b20bda21042e5aae42a0a71a6c8238879c6a934c?s=96&d=identicon&r=g","caption":"Silencia Meditation"},"sameAs":["https:\/\/silencia.ch\/"],"url":"https:\/\/silencia.ch\/en\/author\/silencia2026\/"}]}},"jetpack_publicize_connections":[],"jetpack_featured_media_url":"https:\/\/i0.wp.com\/silencia.ch\/wp-content\/uploads\/2026\/03\/Capture-decran-2026-03-09-a-12.48.38.png?fit=642%2C422&ssl=1","jetpack_likes_enabled":true,"jetpack_sharing_enabled":true,"jetpack_shortlink":"https:\/\/wp.me\/pgVt3Y-bB","jetpack-related-posts":[],"_links":{"self":[{"href":"https:\/\/silencia.ch\/en\/wp-json\/wp\/v2\/posts\/719","targetHints":{"allow":["GET"]}}],"collection":[{"href":"https:\/\/silencia.ch\/en\/wp-json\/wp\/v2\/posts"}],"about":[{"href":"https:\/\/silencia.ch\/en\/wp-json\/wp\/v2\/types\/post"}],"author":[{"embeddable":true,"href":"https:\/\/silencia.ch\/en\/wp-json\/wp\/v2\/users\/260171625"}],"replies":[{"embeddable":true,"href":"https:\/\/silencia.ch\/en\/wp-json\/wp\/v2\/comments?post=719"}],"version-history":[{"count":1,"href":"https:\/\/silencia.ch\/en\/wp-json\/wp\/v2\/posts\/719\/revisions"}],"predecessor-version":[{"id":720,"href":"https:\/\/silencia.ch\/en\/wp-json\/wp\/v2\/posts\/719\/revisions\/720"}],"wp:featuredmedia":[{"embeddable":true,"href":"https:\/\/silencia.ch\/en\/wp-json\/wp\/v2\/media\/741"}],"wp:attachment":[{"href":"https:\/\/silencia.ch\/en\/wp-json\/wp\/v2\/media?parent=719"}],"wp:term":[{"taxonomy":"category","embeddable":true,"href":"https:\/\/silencia.ch\/en\/wp-json\/wp\/v2\/categories?post=719"},{"taxonomy":"post_tag","embeddable":true,"href":"https:\/\/silencia.ch\/en\/wp-json\/wp\/v2\/tags?post=719"}],"curies":[{"name":"wp","href":"https:\/\/api.w.org\/{rel}","templated":true}]}}