{"id":375,"date":"2026-01-15T03:54:25","date_gmt":"2026-01-15T02:54:25","guid":{"rendered":"https:\/\/silencia.ch\/?p=375"},"modified":"2026-01-25T17:28:18","modified_gmt":"2026-01-25T16:28:18","slug":"mediter-dans-la-vie-quotidienne-une-presence-qui-sinvite-partout","status":"publish","type":"post","link":"https:\/\/silencia.ch\/en\/2026\/01\/15\/mediter-dans-la-vie-quotidienne-une-presence-qui-sinvite-partout\/","title":{"rendered":"Meditation in daily life: a presence that finds its way everywhere"},"content":{"rendered":"<div class=\"wp-block-group alignwide has-global-padding is-layout-constrained wp-block-group-is-layout-constrained\" style=\"padding-top:var(--wp--preset--spacing--60);padding-bottom:var(--wp--preset--spacing--60)\"><h1 style=\"margin-bottom:var(--wp--preset--spacing--60);\" class=\"has-text-align-center alignwide wp-block-post-title\">Meditation in daily life: a presence that finds its way everywhere<\/h1>\n\n<figure style=\"margin-bottom:var(--wp--preset--spacing--60);\" class=\"wp-block-post-featured-image\"><img data-recalc-dims=\"1\" loading=\"lazy\" decoding=\"async\" width=\"972\" height=\"697\" src=\"https:\/\/i0.wp.com\/silencia.ch\/wp-content\/uploads\/2025\/11\/meditation-groupe.jpg?resize=972%2C697&#038;ssl=1\" class=\"attachment-post-thumbnail size-post-thumbnail wp-post-image\" alt=\"\" style=\"object-fit:cover;\" data-attachment-id=\"87\" data-permalink=\"https:\/\/silencia.ch\/en\/meditation-groupe\/\" data-orig-file=\"https:\/\/i0.wp.com\/silencia.ch\/wp-content\/uploads\/2025\/11\/meditation-groupe.jpg?fit=972%2C697&amp;ssl=1\" data-orig-size=\"972,697\" data-comments-opened=\"1\" data-image-meta=\"{&quot;aperture&quot;:&quot;0&quot;,&quot;credit&quot;:&quot;Melissa Matteucci&quot;,&quot;camera&quot;:&quot;&quot;,&quot;caption&quot;:&quot;&quot;,&quot;created_timestamp&quot;:&quot;1614510854&quot;,&quot;copyright&quot;:&quot;&quot;,&quot;focal_length&quot;:&quot;0&quot;,&quot;iso&quot;:&quot;0&quot;,&quot;shutter_speed&quot;:&quot;0&quot;,&quot;title&quot;:&quot;&quot;,&quot;orientation&quot;:&quot;0&quot;}\" data-image-title=\"Meditation groupe\" data-image-description=\"\" data-image-caption=\"\" data-large-file=\"https:\/\/i0.wp.com\/silencia.ch\/wp-content\/uploads\/2025\/11\/meditation-groupe.jpg?fit=972%2C697&amp;ssl=1\" \/><\/figure>\n\n\n<p class=\"has-text-align-left wp-block-paragraph\">Meditation is often thought of as a special time set aside for itself.<br>A cushion. A quiet spot. Some quiet time.<\/p>\n\n\n\n<p class=\"wp-block-paragraph\">And yet, meditation doesn\u2019t begin when everything is silent and perfectly in order. It begins in reality. In life as it is.<\/p>\n\n\n\n<p class=\"has-text-align-left wp-block-paragraph\">Meditating in daily life isn\u2019t about adding yet another practice to an already busy day. It\u2019s about transforming the way you are present to what is already there.<\/p>\n\n\n\n<div style=\"height:67px\" aria-hidden=\"true\" class=\"wp-block-spacer\"><\/div>\n\n\n\n<h2 class=\"wp-block-heading has-text-align-center\">Meditating without a cushion<\/h2>\n\n\n\n<p class=\"wp-block-paragraph\">Meditation isn't about a specific posture.<br>It is a quality of presence.<\/p>\n\n\n\n<p class=\"wp-block-paragraph\">S\u2019arr\u00eater quelques secondes avant de r\u00e9pondre \u00e0 un message.<br>Sentir ses pieds au sol en faisant la vaisselle.<br>Respirer consciemment en marchant d\u2019un point \u00e0 un autre.<\/p>\n\n\n\n<p class=\"wp-block-paragraph\">Ces micro-instants sont des m\u00e9ditations en acte. Ils ne demandent ni conditions id\u00e9ales, ni performance. Seulement une attention simple.<\/p>\n\n\n\n<div style=\"height:70px\" aria-hidden=\"true\" class=\"wp-block-spacer\"><\/div>\n\n\n\n<h2 class=\"wp-block-heading has-text-align-center\">La respiration comme fil conducteur<\/h2>\n\n\n\n<p class=\"wp-block-paragraph\">Le souffle est le lien entre la pratique formelle et la vie quotidienne.<\/p>\n\n\n\n<p class=\"wp-block-paragraph\">Revenir \u00e0 la respiration permet de sortir du pilotage automatique. Une inspiration consciente, une expiration plus lente, et quelque chose s\u2019apaise.<\/p>\n\n\n\n<p class=\"wp-block-paragraph\">Le souffle devient un refuge discret, accessible dans les transports, au travail, dans une conversation difficile. Il ne supprime pas l\u2019exp\u00e9rience, il l\u2019accompagne.<\/p>\n\n\n\n<div style=\"height:100px\" aria-hidden=\"true\" class=\"wp-block-spacer\"><\/div>\n\n\n\n<h2 class=\"wp-block-heading has-text-align-center\">M\u00e9diter dans les gestes ordinaires<\/h2>\n\n\n\n<p class=\"wp-block-paragraph\">Un ancrage r\u00e9gulier transforme la relation \u00e0 soi et au La vie quotidienne est faite de gestes r\u00e9p\u00e9t\u00e9s.<br>C\u2019est pr\u00e9cis\u00e9ment l\u00e0 que la m\u00e9ditation prend racine.<\/p>\n\n\n\n<p class=\"wp-block-paragraph\">Marcher, manger, s\u2019habiller, conduire.<br>Lorsque l\u2019attention se pose sur le geste, le corps s\u2019unit \u00e0 l\u2019instant. Le mental ralentit naturellement.<\/p>\n\n\n\n<p class=\"wp-block-paragraph\">La m\u00e9ditation cesse alors d\u2019\u00eatre un exercice. Elle devient une mani\u00e8re d\u2019habiter le quotidien.<\/p>\n\n\n\n<div style=\"height:100px\" aria-hidden=\"true\" class=\"wp-block-spacer\"><\/div>\n\n\n\n<h2 class=\"wp-block-heading has-text-align-center\">Pr\u00e9sence et \u00e9motions<\/h2>\n\n\n\n<p class=\"wp-block-paragraph\">M\u00e9diter dans la vie quotidienne, c\u2019est aussi apprendre \u00e0 rester pr\u00e9sent lorsque les \u00e9motions surgissent.<\/p>\n\n\n\n<p class=\"wp-block-paragraph\">Plut\u00f4t que de r\u00e9agir imm\u00e9diatement, il devient possible de sentir. Une tension dans la poitrine. Une chaleur dans le ventre. Un souffle plus court.<\/p>\n\n\n\n<p class=\"wp-block-paragraph\">Cette pr\u00e9sence corporelle cr\u00e9e un espace.<br>Dans cet espace, l\u2019\u00e9motion peut circuler sans nous emporter.<\/p>\n\n\n\n<div style=\"height:100px\" aria-hidden=\"true\" class=\"wp-block-spacer\"><\/div>\n\n\n\n<h2 class=\"wp-block-heading has-text-align-center\">La m\u00e9ditation dans les relations<\/h2>\n\n\n\n<p class=\"wp-block-paragraph\">Les relations sont un terrain de pratique puissant.<\/p>\n\n\n\n<p class=\"wp-block-paragraph\">\u00c9couter sans interrompre.<br>Sentir ses r\u00e9actions corporelles.<br>Respirer avant de r\u00e9pondre.<\/p>\n\n\n\n<p class=\"wp-block-paragraph\">La m\u00e9ditation relationnelle ne vise pas \u00e0 \u00eatre parfait, mais \u00e0 \u00eatre conscient. Chaque interaction devient une occasion de revenir \u00e0 soi, tout en restant en lien.<\/p>\n\n\n\n<div style=\"height:100px\" aria-hidden=\"true\" class=\"wp-block-spacer\"><\/div>\n\n\n\n<h2 class=\"wp-block-heading has-text-align-center\">Quand on n\u2019a \u00ab pas le temps \u00bb<\/h2>\n\n\n\n<p class=\"wp-block-paragraph\">Dire que l\u2019on n\u2019a pas le temps de m\u00e9diter est souvent un signe que l\u2019on en a profond\u00e9ment besoin.<\/p>\n\n\n\n<p class=\"wp-block-paragraph\">La m\u00e9ditation quotidienne n\u2019exige pas plus de temps, mais une autre qualit\u00e9 de pr\u00e9sence. Quelques respirations conscientes peuvent transformer une journ\u00e9e.<\/p>\n\n\n\n<p class=\"wp-block-paragraph\">Il ne s\u2019agit pas de quantit\u00e9, mais de r\u00e9gularit\u00e9 et de douceur.<\/p>\n\n\n\n<div style=\"height:100px\" aria-hidden=\"true\" class=\"wp-block-spacer\"><\/div>\n\n\n\n<h2 class=\"wp-block-heading has-text-align-center\">Int\u00e9grer sans se forcer<\/h2>\n\n\n\n<p class=\"wp-block-paragraph\">La m\u00e9ditation n\u2019est pas une discipline rigide.<br>Elle s\u2019adapte, se module, se transforme.<\/p>\n\n\n\n<p class=\"wp-block-paragraph\">Certaines p\u00e9riodes appellent l\u2019immobilit\u00e9, d\u2019autres le mouvement. Certaines journ\u00e9es invitent \u00e0 s\u2019asseoir, d\u2019autres simplement \u00e0 respirer en marchant.<\/p>\n\n\n\n<p class=\"wp-block-paragraph\">La cl\u00e9 est l\u2019\u00e9coute.<br>S\u2019\u00e9couter suffisamment pour rester en lien avec soi, m\u00eame dans l\u2019agitation.<\/p>\n\n\n\n<div style=\"height:100px\" aria-hidden=\"true\" class=\"wp-block-spacer\"><\/div>\n\n\n\n<h2 class=\"wp-block-heading has-text-align-center\">Une pratique vivante<\/h2>\n\n\n\n<p class=\"wp-block-paragraph\">M\u00e9diter dans la vie quotidienne, c\u2019est reconna\u00eetre que chaque instant peut devenir un espace de pr\u00e9sence.<\/p>\n\n\n\n<p class=\"wp-block-paragraph\">Ce n\u2019est pas se retirer du monde, mais y \u00eatre plus pleinement.<br>Plus conscient.<br>Plus incarn\u00e9.<\/p>\n\n\n\n<p class=\"wp-block-paragraph\">La m\u00e9ditation cesse alors d\u2019\u00eatre quelque chose que l\u2019on fait.<br>Elle devient quelque chose que l\u2019on vit.<\/p>\n<\/div>","protected":false},"excerpt":{"rendered":"<p>On imagine souvent la m\u00e9ditation comme un moment \u00e0 part.Un coussin. Un lieu calme. Un temps r\u00e9serv\u00e9. Et pourtant, la m\u00e9ditation ne commence pas lorsque tout est silencieux et parfaitement align\u00e9. Elle commence dans le r\u00e9el. Dans la vie telle qu\u2019elle est. M\u00e9diter dans la vie quotidienne, ce n\u2019est pas ajouter une pratique de plus [&hellip;]<\/p>\n","protected":false},"author":260171625,"featured_media":87,"comment_status":"open","ping_status":"open","sticky":false,"template":"","format":"standard","meta":{"_crdt_document":"","_jetpack_newsletter_access":"","_jetpack_dont_email_post_to_subs":false,"_jetpack_newsletter_tier_id":0,"_jetpack_memberships_contains_paywalled_content":false,"_jetpack_memberships_contains_paid_content":false,"footnotes":"","jetpack_publicize_message":"","jetpack_publicize_feature_enabled":true,"jetpack_social_post_already_shared":true,"jetpack_social_options":{"image_generator_settings":{"template":"highway","default_image_id":0,"font":"","enabled":false},"version":2},"jetpack_post_was_ever_published":false},"categories":[1],"tags":[],"class_list":["post-375","post","type-post","status-publish","format-standard","has-post-thumbnail","hentry","category-uncategorized"],"yoast_head":"<!-- This site is optimized with the Yoast SEO plugin v27.4 - https:\/\/yoast.com\/product\/yoast-seo-wordpress\/ -->\n<title>M\u00e9diter dans la vie quotidienne : une pr\u00e9sence qui s\u2019invite partout - PRESENCE, SILENCE &amp; CLART\u00c9 MENTALE<\/title>\n<meta name=\"robots\" content=\"index, follow, max-snippet:-1, max-image-preview:large, max-video-preview:-1\" \/>\n<link rel=\"canonical\" href=\"https:\/\/silencia.ch\/en\/2026\/01\/15\/mediter-dans-la-vie-quotidienne-une-presence-qui-sinvite-partout\/\" \/>\n<meta property=\"og:locale\" content=\"en_GB\" \/>\n<meta property=\"og:type\" content=\"article\" \/>\n<meta property=\"og:title\" content=\"M\u00e9diter dans la vie quotidienne : une pr\u00e9sence qui s\u2019invite partout - PRESENCE, SILENCE &amp; CLART\u00c9 MENTALE\" \/>\n<meta property=\"og:description\" content=\"On imagine souvent la m\u00e9ditation comme un moment \u00e0 part.Un coussin. Un lieu calme. Un temps r\u00e9serv\u00e9. Et pourtant, la m\u00e9ditation ne commence pas lorsque tout est silencieux et parfaitement align\u00e9. Elle commence dans le r\u00e9el. Dans la vie telle qu\u2019elle est. M\u00e9diter dans la vie quotidienne, ce n\u2019est pas ajouter une pratique de plus [&hellip;]\" \/>\n<meta property=\"og:url\" content=\"https:\/\/silencia.ch\/en\/2026\/01\/15\/mediter-dans-la-vie-quotidienne-une-presence-qui-sinvite-partout\/\" \/>\n<meta property=\"og:site_name\" content=\"PRESENCE, SILENCE &amp; CLART\u00c9 MENTALE\" \/>\n<meta property=\"article:published_time\" content=\"2026-01-15T02:54:25+00:00\" \/>\n<meta property=\"article:modified_time\" content=\"2026-01-25T16:28:18+00:00\" \/>\n<meta property=\"og:image\" content=\"https:\/\/i0.wp.com\/silencia.ch\/wp-content\/uploads\/2025\/11\/meditation-groupe.jpg?fit=972%2C697&ssl=1\" \/>\n\t<meta property=\"og:image:width\" content=\"972\" \/>\n\t<meta property=\"og:image:height\" content=\"697\" \/>\n\t<meta property=\"og:image:type\" content=\"image\/jpeg\" \/>\n<meta name=\"author\" content=\"Silencia Meditation\" \/>\n<meta name=\"twitter:card\" content=\"summary_large_image\" \/>\n<meta name=\"twitter:label1\" content=\"Written by\" \/>\n\t<meta name=\"twitter:data1\" content=\"Silencia Meditation\" \/>\n\t<meta name=\"twitter:label2\" content=\"Estimated reading time\" \/>\n\t<meta name=\"twitter:data2\" content=\"3 minutes\" \/>\n<script type=\"application\/ld+json\" class=\"yoast-schema-graph\">{\"@context\":\"https:\\\/\\\/schema.org\",\"@graph\":[{\"@type\":\"Article\",\"@id\":\"https:\\\/\\\/silencia.ch\\\/2026\\\/01\\\/15\\\/mediter-dans-la-vie-quotidienne-une-presence-qui-sinvite-partout\\\/#article\",\"isPartOf\":{\"@id\":\"https:\\\/\\\/silencia.ch\\\/2026\\\/01\\\/15\\\/mediter-dans-la-vie-quotidienne-une-presence-qui-sinvite-partout\\\/\"},\"author\":{\"name\":\"Silencia Meditation\",\"@id\":\"https:\\\/\\\/silencia.ch\\\/#\\\/schema\\\/person\\\/776dcc0e5e004a700970acf5332ec124\"},\"headline\":\"M\u00e9diter dans la vie quotidienne : une pr\u00e9sence qui s\u2019invite partout\",\"datePublished\":\"2026-01-15T02:54:25+00:00\",\"dateModified\":\"2026-01-25T16:28:18+00:00\",\"mainEntityOfPage\":{\"@id\":\"https:\\\/\\\/silencia.ch\\\/2026\\\/01\\\/15\\\/mediter-dans-la-vie-quotidienne-une-presence-qui-sinvite-partout\\\/\"},\"wordCount\":622,\"commentCount\":0,\"publisher\":{\"@id\":\"https:\\\/\\\/silencia.ch\\\/#organization\"},\"image\":{\"@id\":\"https:\\\/\\\/silencia.ch\\\/2026\\\/01\\\/15\\\/mediter-dans-la-vie-quotidienne-une-presence-qui-sinvite-partout\\\/#primaryimage\"},\"thumbnailUrl\":\"https:\\\/\\\/i0.wp.com\\\/silencia.ch\\\/wp-content\\\/uploads\\\/2025\\\/11\\\/meditation-groupe.jpg?fit=972%2C697&ssl=1\",\"articleSection\":[\"Uncategorized\"],\"inLanguage\":\"en-GB\",\"potentialAction\":[{\"@type\":\"CommentAction\",\"name\":\"Comment\",\"target\":[\"https:\\\/\\\/silencia.ch\\\/2026\\\/01\\\/15\\\/mediter-dans-la-vie-quotidienne-une-presence-qui-sinvite-partout\\\/#respond\"]}]},{\"@type\":\"WebPage\",\"@id\":\"https:\\\/\\\/silencia.ch\\\/2026\\\/01\\\/15\\\/mediter-dans-la-vie-quotidienne-une-presence-qui-sinvite-partout\\\/\",\"url\":\"https:\\\/\\\/silencia.ch\\\/2026\\\/01\\\/15\\\/mediter-dans-la-vie-quotidienne-une-presence-qui-sinvite-partout\\\/\",\"name\":\"M\u00e9diter dans la vie quotidienne : une pr\u00e9sence qui s\u2019invite partout - PRESENCE, SILENCE &amp; CLART\u00c9 MENTALE\",\"isPartOf\":{\"@id\":\"https:\\\/\\\/silencia.ch\\\/#website\"},\"primaryImageOfPage\":{\"@id\":\"https:\\\/\\\/silencia.ch\\\/2026\\\/01\\\/15\\\/mediter-dans-la-vie-quotidienne-une-presence-qui-sinvite-partout\\\/#primaryimage\"},\"image\":{\"@id\":\"https:\\\/\\\/silencia.ch\\\/2026\\\/01\\\/15\\\/mediter-dans-la-vie-quotidienne-une-presence-qui-sinvite-partout\\\/#primaryimage\"},\"thumbnailUrl\":\"https:\\\/\\\/i0.wp.com\\\/silencia.ch\\\/wp-content\\\/uploads\\\/2025\\\/11\\\/meditation-groupe.jpg?fit=972%2C697&ssl=1\",\"datePublished\":\"2026-01-15T02:54:25+00:00\",\"dateModified\":\"2026-01-25T16:28:18+00:00\",\"breadcrumb\":{\"@id\":\"https:\\\/\\\/silencia.ch\\\/2026\\\/01\\\/15\\\/mediter-dans-la-vie-quotidienne-une-presence-qui-sinvite-partout\\\/#breadcrumb\"},\"inLanguage\":\"en-GB\",\"potentialAction\":[{\"@type\":\"ReadAction\",\"target\":[\"https:\\\/\\\/silencia.ch\\\/2026\\\/01\\\/15\\\/mediter-dans-la-vie-quotidienne-une-presence-qui-sinvite-partout\\\/\"]}]},{\"@type\":\"ImageObject\",\"inLanguage\":\"en-GB\",\"@id\":\"https:\\\/\\\/silencia.ch\\\/2026\\\/01\\\/15\\\/mediter-dans-la-vie-quotidienne-une-presence-qui-sinvite-partout\\\/#primaryimage\",\"url\":\"https:\\\/\\\/i0.wp.com\\\/silencia.ch\\\/wp-content\\\/uploads\\\/2025\\\/11\\\/meditation-groupe.jpg?fit=972%2C697&ssl=1\",\"contentUrl\":\"https:\\\/\\\/i0.wp.com\\\/silencia.ch\\\/wp-content\\\/uploads\\\/2025\\\/11\\\/meditation-groupe.jpg?fit=972%2C697&ssl=1\",\"width\":972,\"height\":697},{\"@type\":\"BreadcrumbList\",\"@id\":\"https:\\\/\\\/silencia.ch\\\/2026\\\/01\\\/15\\\/mediter-dans-la-vie-quotidienne-une-presence-qui-sinvite-partout\\\/#breadcrumb\",\"itemListElement\":[{\"@type\":\"ListItem\",\"position\":1,\"name\":\"Accueil\",\"item\":\"https:\\\/\\\/silencia.ch\\\/\"},{\"@type\":\"ListItem\",\"position\":2,\"name\":\"M\u00e9diter dans la vie quotidienne : une pr\u00e9sence qui s\u2019invite partout\"}]},{\"@type\":\"WebSite\",\"@id\":\"https:\\\/\\\/silencia.ch\\\/#website\",\"url\":\"https:\\\/\\\/silencia.ch\\\/\",\"name\":\"SILENCIA\",\"description\":\"PRESENCE, SILENCE &amp; CLART\u00c9 MENTALE\",\"publisher\":{\"@id\":\"https:\\\/\\\/silencia.ch\\\/#organization\"},\"potentialAction\":[{\"@type\":\"SearchAction\",\"target\":{\"@type\":\"EntryPoint\",\"urlTemplate\":\"https:\\\/\\\/silencia.ch\\\/?s={search_term_string}\"},\"query-input\":{\"@type\":\"PropertyValueSpecification\",\"valueRequired\":true,\"valueName\":\"search_term_string\"}}],\"inLanguage\":\"en-GB\"},{\"@type\":\"Organization\",\"@id\":\"https:\\\/\\\/silencia.ch\\\/#organization\",\"name\":\"SILENCIA\",\"url\":\"https:\\\/\\\/silencia.ch\\\/\",\"logo\":{\"@type\":\"ImageObject\",\"inLanguage\":\"en-GB\",\"@id\":\"https:\\\/\\\/silencia.ch\\\/#\\\/schema\\\/logo\\\/image\\\/\",\"url\":\"https:\\\/\\\/i0.wp.com\\\/silencia.ch\\\/wp-content\\\/uploads\\\/2025\\\/11\\\/black-and-white-minimalist-business-logo.png?fit=500%2C500&ssl=1\",\"contentUrl\":\"https:\\\/\\\/i0.wp.com\\\/silencia.ch\\\/wp-content\\\/uploads\\\/2025\\\/11\\\/black-and-white-minimalist-business-logo.png?fit=500%2C500&ssl=1\",\"width\":500,\"height\":500,\"caption\":\"SILENCIA\"},\"image\":{\"@id\":\"https:\\\/\\\/silencia.ch\\\/#\\\/schema\\\/logo\\\/image\\\/\"},\"sameAs\":[\"https:\\\/\\\/www.linkedin.com\\\/in\\\/melissa-matteucci-446286\\\/\",\"https:\\\/\\\/www.youtube.com\\\/@M\u00e9ditationsilencieuse\",\"https:\\\/\\\/www.instagram.com\\\/silencia.ch\\\/\"]},{\"@type\":\"Person\",\"@id\":\"https:\\\/\\\/silencia.ch\\\/#\\\/schema\\\/person\\\/776dcc0e5e004a700970acf5332ec124\",\"name\":\"Silencia Meditation\",\"image\":{\"@type\":\"ImageObject\",\"inLanguage\":\"en-GB\",\"@id\":\"https:\\\/\\\/secure.gravatar.com\\\/avatar\\\/2c8af0880a27b9feda121115b20bda21042e5aae42a0a71a6c8238879c6a934c?s=96&d=identicon&r=g\",\"url\":\"https:\\\/\\\/secure.gravatar.com\\\/avatar\\\/2c8af0880a27b9feda121115b20bda21042e5aae42a0a71a6c8238879c6a934c?s=96&d=identicon&r=g\",\"contentUrl\":\"https:\\\/\\\/secure.gravatar.com\\\/avatar\\\/2c8af0880a27b9feda121115b20bda21042e5aae42a0a71a6c8238879c6a934c?s=96&d=identicon&r=g\",\"caption\":\"Silencia Meditation\"},\"sameAs\":[\"https:\\\/\\\/silencia.ch\\\/\"],\"url\":\"https:\\\/\\\/silencia.ch\\\/en\\\/author\\\/silencia2026\\\/\"}]}<\/script>\n<!-- \/ Yoast SEO plugin. -->","yoast_head_json":{"title":"M\u00e9diter dans la vie quotidienne : une pr\u00e9sence qui s\u2019invite partout - PRESENCE, SILENCE &amp; CLART\u00c9 MENTALE","robots":{"index":"index","follow":"follow","max-snippet":"max-snippet:-1","max-image-preview":"max-image-preview:large","max-video-preview":"max-video-preview:-1"},"canonical":"https:\/\/silencia.ch\/en\/2026\/01\/15\/mediter-dans-la-vie-quotidienne-une-presence-qui-sinvite-partout\/","og_locale":"en_GB","og_type":"article","og_title":"M\u00e9diter dans la vie quotidienne : une pr\u00e9sence qui s\u2019invite partout - PRESENCE, SILENCE &amp; CLART\u00c9 MENTALE","og_description":"On imagine souvent la m\u00e9ditation comme un moment \u00e0 part.Un coussin. Un lieu calme. Un temps r\u00e9serv\u00e9. Et pourtant, la m\u00e9ditation ne commence pas lorsque tout est silencieux et parfaitement align\u00e9. Elle commence dans le r\u00e9el. Dans la vie telle qu\u2019elle est. M\u00e9diter dans la vie quotidienne, ce n\u2019est pas ajouter une pratique de plus [&hellip;]","og_url":"https:\/\/silencia.ch\/en\/2026\/01\/15\/mediter-dans-la-vie-quotidienne-une-presence-qui-sinvite-partout\/","og_site_name":"PRESENCE, SILENCE &amp; CLART\u00c9 MENTALE","article_published_time":"2026-01-15T02:54:25+00:00","article_modified_time":"2026-01-25T16:28:18+00:00","og_image":[{"width":972,"height":697,"url":"https:\/\/i0.wp.com\/silencia.ch\/wp-content\/uploads\/2025\/11\/meditation-groupe.jpg?fit=972%2C697&ssl=1","type":"image\/jpeg"}],"author":"Silencia Meditation","twitter_card":"summary_large_image","twitter_misc":{"Written by":"Silencia Meditation","Estimated reading time":"3 minutes"},"schema":{"@context":"https:\/\/schema.org","@graph":[{"@type":"Article","@id":"https:\/\/silencia.ch\/2026\/01\/15\/mediter-dans-la-vie-quotidienne-une-presence-qui-sinvite-partout\/#article","isPartOf":{"@id":"https:\/\/silencia.ch\/2026\/01\/15\/mediter-dans-la-vie-quotidienne-une-presence-qui-sinvite-partout\/"},"author":{"name":"Silencia Meditation","@id":"https:\/\/silencia.ch\/#\/schema\/person\/776dcc0e5e004a700970acf5332ec124"},"headline":"M\u00e9diter dans la vie quotidienne : une pr\u00e9sence qui s\u2019invite partout","datePublished":"2026-01-15T02:54:25+00:00","dateModified":"2026-01-25T16:28:18+00:00","mainEntityOfPage":{"@id":"https:\/\/silencia.ch\/2026\/01\/15\/mediter-dans-la-vie-quotidienne-une-presence-qui-sinvite-partout\/"},"wordCount":622,"commentCount":0,"publisher":{"@id":"https:\/\/silencia.ch\/#organization"},"image":{"@id":"https:\/\/silencia.ch\/2026\/01\/15\/mediter-dans-la-vie-quotidienne-une-presence-qui-sinvite-partout\/#primaryimage"},"thumbnailUrl":"https:\/\/i0.wp.com\/silencia.ch\/wp-content\/uploads\/2025\/11\/meditation-groupe.jpg?fit=972%2C697&ssl=1","articleSection":["Uncategorized"],"inLanguage":"en-GB","potentialAction":[{"@type":"CommentAction","name":"Comment","target":["https:\/\/silencia.ch\/2026\/01\/15\/mediter-dans-la-vie-quotidienne-une-presence-qui-sinvite-partout\/#respond"]}]},{"@type":"WebPage","@id":"https:\/\/silencia.ch\/2026\/01\/15\/mediter-dans-la-vie-quotidienne-une-presence-qui-sinvite-partout\/","url":"https:\/\/silencia.ch\/2026\/01\/15\/mediter-dans-la-vie-quotidienne-une-presence-qui-sinvite-partout\/","name":"M\u00e9diter dans la vie quotidienne : une pr\u00e9sence qui s\u2019invite partout - PRESENCE, SILENCE &amp; CLART\u00c9 MENTALE","isPartOf":{"@id":"https:\/\/silencia.ch\/#website"},"primaryImageOfPage":{"@id":"https:\/\/silencia.ch\/2026\/01\/15\/mediter-dans-la-vie-quotidienne-une-presence-qui-sinvite-partout\/#primaryimage"},"image":{"@id":"https:\/\/silencia.ch\/2026\/01\/15\/mediter-dans-la-vie-quotidienne-une-presence-qui-sinvite-partout\/#primaryimage"},"thumbnailUrl":"https:\/\/i0.wp.com\/silencia.ch\/wp-content\/uploads\/2025\/11\/meditation-groupe.jpg?fit=972%2C697&ssl=1","datePublished":"2026-01-15T02:54:25+00:00","dateModified":"2026-01-25T16:28:18+00:00","breadcrumb":{"@id":"https:\/\/silencia.ch\/2026\/01\/15\/mediter-dans-la-vie-quotidienne-une-presence-qui-sinvite-partout\/#breadcrumb"},"inLanguage":"en-GB","potentialAction":[{"@type":"ReadAction","target":["https:\/\/silencia.ch\/2026\/01\/15\/mediter-dans-la-vie-quotidienne-une-presence-qui-sinvite-partout\/"]}]},{"@type":"ImageObject","inLanguage":"en-GB","@id":"https:\/\/silencia.ch\/2026\/01\/15\/mediter-dans-la-vie-quotidienne-une-presence-qui-sinvite-partout\/#primaryimage","url":"https:\/\/i0.wp.com\/silencia.ch\/wp-content\/uploads\/2025\/11\/meditation-groupe.jpg?fit=972%2C697&ssl=1","contentUrl":"https:\/\/i0.wp.com\/silencia.ch\/wp-content\/uploads\/2025\/11\/meditation-groupe.jpg?fit=972%2C697&ssl=1","width":972,"height":697},{"@type":"BreadcrumbList","@id":"https:\/\/silencia.ch\/2026\/01\/15\/mediter-dans-la-vie-quotidienne-une-presence-qui-sinvite-partout\/#breadcrumb","itemListElement":[{"@type":"ListItem","position":1,"name":"Accueil","item":"https:\/\/silencia.ch\/"},{"@type":"ListItem","position":2,"name":"M\u00e9diter dans la vie quotidienne : une pr\u00e9sence qui s\u2019invite partout"}]},{"@type":"WebSite","@id":"https:\/\/silencia.ch\/#website","url":"https:\/\/silencia.ch\/","name":"SILENCIA","description":"PRESENCE, SILENCE &amp; MENTAL CLARITY","publisher":{"@id":"https:\/\/silencia.ch\/#organization"},"potentialAction":[{"@type":"SearchAction","target":{"@type":"EntryPoint","urlTemplate":"https:\/\/silencia.ch\/?s={search_term_string}"},"query-input":{"@type":"PropertyValueSpecification","valueRequired":true,"valueName":"search_term_string"}}],"inLanguage":"en-GB"},{"@type":"Organization","@id":"https:\/\/silencia.ch\/#organization","name":"SILENCIA","url":"https:\/\/silencia.ch\/","logo":{"@type":"ImageObject","inLanguage":"en-GB","@id":"https:\/\/silencia.ch\/#\/schema\/logo\/image\/","url":"https:\/\/i0.wp.com\/silencia.ch\/wp-content\/uploads\/2025\/11\/black-and-white-minimalist-business-logo.png?fit=500%2C500&ssl=1","contentUrl":"https:\/\/i0.wp.com\/silencia.ch\/wp-content\/uploads\/2025\/11\/black-and-white-minimalist-business-logo.png?fit=500%2C500&ssl=1","width":500,"height":500,"caption":"SILENCIA"},"image":{"@id":"https:\/\/silencia.ch\/#\/schema\/logo\/image\/"},"sameAs":["https:\/\/www.linkedin.com\/in\/melissa-matteucci-446286\/","https:\/\/www.youtube.com\/@M\u00e9ditationsilencieuse","https:\/\/www.instagram.com\/silencia.ch\/"]},{"@type":"Person","@id":"https:\/\/silencia.ch\/#\/schema\/person\/776dcc0e5e004a700970acf5332ec124","name":"Calm Meditation","image":{"@type":"ImageObject","inLanguage":"en-GB","@id":"https:\/\/secure.gravatar.com\/avatar\/2c8af0880a27b9feda121115b20bda21042e5aae42a0a71a6c8238879c6a934c?s=96&d=identicon&r=g","url":"https:\/\/secure.gravatar.com\/avatar\/2c8af0880a27b9feda121115b20bda21042e5aae42a0a71a6c8238879c6a934c?s=96&d=identicon&r=g","contentUrl":"https:\/\/secure.gravatar.com\/avatar\/2c8af0880a27b9feda121115b20bda21042e5aae42a0a71a6c8238879c6a934c?s=96&d=identicon&r=g","caption":"Silencia Meditation"},"sameAs":["https:\/\/silencia.ch\/"],"url":"https:\/\/silencia.ch\/en\/author\/silencia2026\/"}]}},"jetpack_publicize_connections":[],"jetpack_featured_media_url":"https:\/\/i0.wp.com\/silencia.ch\/wp-content\/uploads\/2025\/11\/meditation-groupe.jpg?fit=972%2C697&ssl=1","jetpack_likes_enabled":true,"jetpack_sharing_enabled":true,"jetpack_shortlink":"https:\/\/wp.me\/pgVt3Y-63","jetpack-related-posts":[],"_links":{"self":[{"href":"https:\/\/silencia.ch\/en\/wp-json\/wp\/v2\/posts\/375","targetHints":{"allow":["GET"]}}],"collection":[{"href":"https:\/\/silencia.ch\/en\/wp-json\/wp\/v2\/posts"}],"about":[{"href":"https:\/\/silencia.ch\/en\/wp-json\/wp\/v2\/types\/post"}],"author":[{"embeddable":true,"href":"https:\/\/silencia.ch\/en\/wp-json\/wp\/v2\/users\/260171625"}],"replies":[{"embeddable":true,"href":"https:\/\/silencia.ch\/en\/wp-json\/wp\/v2\/comments?post=375"}],"version-history":[{"count":9,"href":"https:\/\/silencia.ch\/en\/wp-json\/wp\/v2\/posts\/375\/revisions"}],"predecessor-version":[{"id":453,"href":"https:\/\/silencia.ch\/en\/wp-json\/wp\/v2\/posts\/375\/revisions\/453"}],"wp:featuredmedia":[{"embeddable":true,"href":"https:\/\/silencia.ch\/en\/wp-json\/wp\/v2\/media\/87"}],"wp:attachment":[{"href":"https:\/\/silencia.ch\/en\/wp-json\/wp\/v2\/media?parent=375"}],"wp:term":[{"taxonomy":"category","embeddable":true,"href":"https:\/\/silencia.ch\/en\/wp-json\/wp\/v2\/categories?post=375"},{"taxonomy":"post_tag","embeddable":true,"href":"https:\/\/silencia.ch\/en\/wp-json\/wp\/v2\/tags?post=375"}],"curies":[{"name":"wp","href":"https:\/\/api.w.org\/{rel}","templated":true}]}}