{"id":3,"date":"2025-11-13T09:40:47","date_gmt":"2025-11-13T09:40:47","guid":{"rendered":"https:\/\/silencia.ch\/2025\/11\/13\/hello-world\/"},"modified":"2026-01-25T17:52:30","modified_gmt":"2026-01-25T16:52:30","slug":"noblesilence","status":"publish","type":"post","link":"https:\/\/silencia.ch\/en\/2025\/11\/13\/noblesilence\/","title":{"rendered":"Le Noble Silence"},"content":{"rendered":"<div class=\"wp-block-group alignwide has-global-padding is-layout-constrained wp-block-group-is-layout-constrained\" style=\"padding-top:var(--wp--preset--spacing--60);padding-bottom:var(--wp--preset--spacing--60)\"><h1 style=\"margin-bottom:var(--wp--preset--spacing--60);\" class=\"has-text-align-center wp-block-post-title has-x-large-font-size\">Le Noble Silence<\/h1>\n\n<figure style=\"margin-bottom:var(--wp--preset--spacing--60);\" class=\"wp-block-post-featured-image\"><img data-recalc-dims=\"1\" loading=\"lazy\" decoding=\"async\" width=\"1200\" height=\"675\" src=\"https:\/\/i0.wp.com\/silencia.ch\/wp-content\/uploads\/2025\/11\/meditation-groupe-champex.jpg?resize=1200%2C675&#038;ssl=1\" class=\"attachment-post-thumbnail size-post-thumbnail wp-post-image\" alt=\"\" style=\"object-fit:cover;\" data-attachment-id=\"86\" data-permalink=\"https:\/\/silencia.ch\/en\/meditation-groupe-champex\/\" data-orig-file=\"https:\/\/i0.wp.com\/silencia.ch\/wp-content\/uploads\/2025\/11\/meditation-groupe-champex.jpg?fit=1200%2C675&amp;ssl=1\" data-orig-size=\"1200,675\" data-comments-opened=\"1\" data-image-meta=\"{&quot;aperture&quot;:&quot;0&quot;,&quot;credit&quot;:&quot;&quot;,&quot;camera&quot;:&quot;&quot;,&quot;caption&quot;:&quot;&quot;,&quot;created_timestamp&quot;:&quot;0&quot;,&quot;copyright&quot;:&quot;&quot;,&quot;focal_length&quot;:&quot;0&quot;,&quot;iso&quot;:&quot;0&quot;,&quot;shutter_speed&quot;:&quot;0&quot;,&quot;title&quot;:&quot;&quot;,&quot;orientation&quot;:&quot;0&quot;}\" data-image-title=\"Meditation groupe Champex\" data-image-description=\"\" data-image-caption=\"\" data-large-file=\"https:\/\/i0.wp.com\/silencia.ch\/wp-content\/uploads\/2025\/11\/meditation-groupe-champex.jpg?fit=1024%2C576&amp;ssl=1\" \/><\/figure>\n\n\n<p class=\"has-text-align-left wp-block-paragraph\">Qu\u2019est\u2011ce que le Noble Silence ? Le Noble Silence est une pratique essentielle dans les retraites m\u00e9ditatives. Il s\u2019agit<br>d\u2019un silence profond, qui s\u2019\u00e9tend au\u2011del\u00e0 de l\u2019absence de paroles. C\u2019est un<br>engagement temporaire \u00e0 r\u00e9duire toutes les stimulations externes afin de se tourner<br>doucement vers son monde int\u00e9rieur.<br>Le Noble Silence cr\u00e9e un espace pr\u00e9cieux pour \u00e9couter, observer et ressentir sans<br>distraction. Il permet \u00e0 l\u2019esprit$<\/p>\n\n\n\n<ul class=\"wp-block-list\">\n<li>de se calmer<\/li>\n\n\n\n<li>au c\u0153ur de s\u2019ouvrir et<\/li>\n\n\n\n<li>au corps de se d\u00e9tendre naturellement.<\/li>\n<\/ul>\n\n\n\n<div style=\"height:67px\" aria-hidden=\"true\" class=\"wp-block-spacer\"><\/div>\n\n\n\n<h2 class=\"wp-block-heading has-text-align-center\">Les trois dimensions du Noble Silence<\/h2>\n\n\n\n<ol class=\"wp-block-list\">\n<li>Silence de la parole\n<ul class=\"wp-block-list\">\n<li>Ne pas parler, sauf en cas d\u2019urgence ou lors d\u2019\u00e9changes n\u00e9cessaires avec l\u2019organisatrice.<\/li>\n<\/ul>\n<\/li>\n\n\n\n<li>Silence du mental\n<ul class=\"wp-block-list\">\n<li>\u00c9viter toute activit\u00e9 qui stimule excessivement l\u2019esprit : lecture, \u00e9criture, musique,t\u00e9l\u00e9phone, messages.<\/li>\n\n\n\n<li>Laisser \u00e9merger les pens\u00e9es sans s\u2019y accrocher.<\/li>\n\n\n\n<li>Revenir encore et encore \u00e0 la respiration, au corps et \u00e0 l\u2019instant pr\u00e9sent.<\/li>\n<\/ul>\n<\/li>\n\n\n\n<li>Silence du corps\n<ul class=\"wp-block-list\">\n<li>Se d\u00e9placer lentement, avec intention.<\/li>\n\n\n\n<li>Minimiser les gestes brusques pour pr\u00e9server la tranquillit\u00e9 du groupe.<\/li>\n<\/ul>\n<\/li>\n<\/ol>\n\n\n\n<div style=\"height:70px\" aria-hidden=\"true\" class=\"wp-block-spacer\"><\/div>\n\n\n\n<h2 class=\"wp-block-heading has-text-align-center\">Pourquoi pratiquer le Noble Silence ?<\/h2>\n\n\n\n<p class=\"wp-block-paragraph\">Le silence profond n\u2019est pas un manque \u2014 c\u2019est une pr\u00e9sence.<br>Il offre :<\/p>\n\n\n\n<ul class=\"wp-block-list\">\n<li>Une r\u00e9g\u00e9n\u00e9ration du syst\u00e8me nerveux.<\/li>\n\n\n\n<li>Une clart\u00e9 int\u00e9rieure accrue.<\/li>\n\n\n\n<li>Une meilleure \u00e9coute de soi.<\/li>\n\n\n\n<li>Un apaisement du mental et des \u00e9motions.<\/li>\n\n\n\n<li>Une connexion plus subtile \u00e0 la nature et au moment pr\u00e9sent.<\/li>\n<\/ul>\n\n\n\n<p class=\"wp-block-paragraph\">Dans cet espace, les participants d\u00e9couvrent souvent une forme de calme qu\u2019ils n\u2019ont<br>pas ressentie depuis longtemps.<\/p>\n\n\n\n<div style=\"height:100px\" aria-hidden=\"true\" class=\"wp-block-spacer\"><\/div>\n\n\n\n<h2 class=\"wp-block-heading has-text-align-center\">Ce que vous pouvez ressentir<\/h2>\n\n\n\n<p class=\"wp-block-paragraph\">Au d\u00e9but, il est normal d\u2019exp\u00e9rimenter :<\/p>\n\n\n\n<ul class=\"wp-block-list\">\n<li>agitation &#8211; ennui &#8211; pens\u00e9es incessantes &#8211; besoin de bouger ou de parler<br>Puis progressivement :<\/li>\n\n\n\n<li>apaisement &#8211; concentration plus stable &#8211; respiration plus fluide &#8211; sentiment d\u2019espace<br>int\u00e9rieur &#8211; \u00e9mergence d\u2019intuitions ou de clart\u00e9<br>Chaque personne vit ce processus \u00e0 son propre rythme.<\/li>\n<\/ul>\n<\/div>\n\n\n\n<h2 class=\"wp-block-heading has-text-align-center\">Apr\u00e8s la retraite<\/h2>\n\n\n\n<p class=\"wp-block-paragraph\">Il est fr\u00e9quent de ressentir :<\/p>\n\n\n\n<ul class=\"wp-block-list\">\n<li>une paix durable<\/li>\n\n\n\n<li>un ancrage plus profond<\/li>\n\n\n\n<li>une sensibilit\u00e9 plus fine \u00e0 son environnement<\/li>\n\n\n\n<li>une meilleure capacit\u00e9 \u00e0 se recentrer<\/li>\n<\/ul>\n\n\n\n<p class=\"has-text-align-center wp-block-paragraph\"><strong>Le Noble Silence continue d\u2019agir bien apr\u00e8s la fin du s\u00e9jour.<\/strong><\/p>\n\n\n\n<div style=\"height:77px\" aria-hidden=\"true\" class=\"wp-block-spacer\"><\/div>\n\n\n\n<h2 class=\"wp-block-heading\">En r\u00e9sum\u00e9<\/h2>\n\n\n\n<p class=\"wp-block-paragraph\">Le Noble Silence est une invitation \u00e0 se retrouver, \u00e0 se d\u00e9poser et \u00e0 \u00e9couter ce qui,<br>habituellement, se perd dans le bruit du quotidien.<br>C\u2019est un chemin doux, puissant et transformateur.<\/p>\n\n\n\n<p class=\"has-text-align-center wp-block-paragraph\"><strong>\u201cDans le silence, nous d\u00e9couvrons ce que les mots ne peuvent pas nous dire.\u201d<\/strong><\/p>\n\n\n\n<p class=\"wp-block-paragraph\"><\/p>","protected":false},"excerpt":{"rendered":"<p>Qu\u2019est\u2011ce que le Noble Silence ? Le Noble Silence est une pratique essentielle dans les retraites m\u00e9ditatives. Il s\u2019agitd\u2019un silence profond, qui s\u2019\u00e9tend au\u2011del\u00e0 de l\u2019absence de paroles. C\u2019est unengagement temporaire \u00e0 r\u00e9duire toutes les stimulations externes afin de se tournerdoucement vers son monde int\u00e9rieur.Le Noble Silence cr\u00e9e un espace pr\u00e9cieux pour \u00e9couter, observer et [&hellip;]<\/p>\n","protected":false},"author":260171625,"featured_media":86,"comment_status":"open","ping_status":"open","sticky":false,"template":"","format":"standard","meta":{"_crdt_document":"","_jetpack_newsletter_access":"","_jetpack_dont_email_post_to_subs":false,"_jetpack_newsletter_tier_id":0,"_jetpack_memberships_contains_paywalled_content":false,"_jetpack_memberships_contains_paid_content":false,"footnotes":"","jetpack_publicize_message":"","jetpack_publicize_feature_enabled":true,"jetpack_social_post_already_shared":false,"jetpack_social_options":{"image_generator_settings":{"template":"highway","default_image_id":0,"font":"","enabled":false},"version":2},"jetpack_post_was_ever_published":false},"categories":[1],"tags":[],"class_list":["post-3","post","type-post","status-publish","format-standard","has-post-thumbnail","hentry","category-uncategorized"],"yoast_head":"<!-- This site is optimized with the Yoast SEO plugin v27.5 - https:\/\/yoast.com\/product\/yoast-seo-wordpress\/ -->\n<title>Le Noble Silence - PRESENCE, SILENCE &amp; CLART\u00c9 MENTALE<\/title>\n<meta name=\"robots\" content=\"index, follow, max-snippet:-1, max-image-preview:large, max-video-preview:-1\" \/>\n<link rel=\"canonical\" href=\"https:\/\/silencia.ch\/en\/2025\/11\/13\/noblesilence\/\" \/>\n<meta property=\"og:locale\" content=\"en_GB\" \/>\n<meta property=\"og:type\" content=\"article\" \/>\n<meta property=\"og:title\" content=\"Le Noble Silence - PRESENCE, SILENCE &amp; CLART\u00c9 MENTALE\" \/>\n<meta property=\"og:description\" content=\"Qu\u2019est\u2011ce que le Noble Silence ? Le Noble Silence est une pratique essentielle dans les retraites m\u00e9ditatives. Il s\u2019agitd\u2019un silence profond, qui s\u2019\u00e9tend au\u2011del\u00e0 de l\u2019absence de paroles. C\u2019est unengagement temporaire \u00e0 r\u00e9duire toutes les stimulations externes afin de se tournerdoucement vers son monde int\u00e9rieur.Le Noble Silence cr\u00e9e un espace pr\u00e9cieux pour \u00e9couter, observer et [&hellip;]\" \/>\n<meta property=\"og:url\" content=\"https:\/\/silencia.ch\/en\/2025\/11\/13\/noblesilence\/\" \/>\n<meta property=\"og:site_name\" content=\"PRESENCE, SILENCE &amp; CLART\u00c9 MENTALE\" \/>\n<meta property=\"article:published_time\" content=\"2025-11-13T09:40:47+00:00\" \/>\n<meta property=\"article:modified_time\" content=\"2026-01-25T16:52:30+00:00\" \/>\n<meta property=\"og:image\" content=\"https:\/\/i0.wp.com\/silencia.ch\/wp-content\/uploads\/2025\/11\/meditation-groupe-champex.jpg?fit=1200%2C675&ssl=1\" \/>\n\t<meta property=\"og:image:width\" content=\"1200\" \/>\n\t<meta property=\"og:image:height\" content=\"675\" \/>\n\t<meta property=\"og:image:type\" content=\"image\/jpeg\" \/>\n<meta name=\"author\" content=\"Silencia Meditation\" \/>\n<meta name=\"twitter:card\" content=\"summary_large_image\" \/>\n<meta name=\"twitter:label1\" content=\"Written by\" \/>\n\t<meta name=\"twitter:data1\" content=\"Silencia Meditation\" \/>\n\t<meta name=\"twitter:label2\" content=\"Estimated reading time\" \/>\n\t<meta name=\"twitter:data2\" content=\"2 minutes\" \/>\n<script type=\"application\/ld+json\" class=\"yoast-schema-graph\">{\"@context\":\"https:\\\/\\\/schema.org\",\"@graph\":[{\"@type\":\"Article\",\"@id\":\"https:\\\/\\\/silencia.ch\\\/2025\\\/11\\\/13\\\/noblesilence\\\/#article\",\"isPartOf\":{\"@id\":\"https:\\\/\\\/silencia.ch\\\/2025\\\/11\\\/13\\\/noblesilence\\\/\"},\"author\":{\"name\":\"Silencia Meditation\",\"@id\":\"https:\\\/\\\/silencia.ch\\\/#\\\/schema\\\/person\\\/776dcc0e5e004a700970acf5332ec124\"},\"headline\":\"Le Noble Silence\",\"datePublished\":\"2025-11-13T09:40:47+00:00\",\"dateModified\":\"2026-01-25T16:52:30+00:00\",\"mainEntityOfPage\":{\"@id\":\"https:\\\/\\\/silencia.ch\\\/2025\\\/11\\\/13\\\/noblesilence\\\/\"},\"wordCount\":405,\"commentCount\":0,\"publisher\":{\"@id\":\"https:\\\/\\\/silencia.ch\\\/#organization\"},\"image\":{\"@id\":\"https:\\\/\\\/silencia.ch\\\/2025\\\/11\\\/13\\\/noblesilence\\\/#primaryimage\"},\"thumbnailUrl\":\"https:\\\/\\\/i0.wp.com\\\/silencia.ch\\\/wp-content\\\/uploads\\\/2025\\\/11\\\/meditation-groupe-champex.jpg?fit=1200%2C675&ssl=1\",\"articleSection\":[\"Uncategorized\"],\"inLanguage\":\"en-GB\",\"potentialAction\":[{\"@type\":\"CommentAction\",\"name\":\"Comment\",\"target\":[\"https:\\\/\\\/silencia.ch\\\/2025\\\/11\\\/13\\\/noblesilence\\\/#respond\"]}]},{\"@type\":\"WebPage\",\"@id\":\"https:\\\/\\\/silencia.ch\\\/2025\\\/11\\\/13\\\/noblesilence\\\/\",\"url\":\"https:\\\/\\\/silencia.ch\\\/2025\\\/11\\\/13\\\/noblesilence\\\/\",\"name\":\"Le Noble Silence - PRESENCE, SILENCE &amp; CLART\u00c9 MENTALE\",\"isPartOf\":{\"@id\":\"https:\\\/\\\/silencia.ch\\\/#website\"},\"primaryImageOfPage\":{\"@id\":\"https:\\\/\\\/silencia.ch\\\/2025\\\/11\\\/13\\\/noblesilence\\\/#primaryimage\"},\"image\":{\"@id\":\"https:\\\/\\\/silencia.ch\\\/2025\\\/11\\\/13\\\/noblesilence\\\/#primaryimage\"},\"thumbnailUrl\":\"https:\\\/\\\/i0.wp.com\\\/silencia.ch\\\/wp-content\\\/uploads\\\/2025\\\/11\\\/meditation-groupe-champex.jpg?fit=1200%2C675&ssl=1\",\"datePublished\":\"2025-11-13T09:40:47+00:00\",\"dateModified\":\"2026-01-25T16:52:30+00:00\",\"breadcrumb\":{\"@id\":\"https:\\\/\\\/silencia.ch\\\/2025\\\/11\\\/13\\\/noblesilence\\\/#breadcrumb\"},\"inLanguage\":\"en-GB\",\"potentialAction\":[{\"@type\":\"ReadAction\",\"target\":[\"https:\\\/\\\/silencia.ch\\\/2025\\\/11\\\/13\\\/noblesilence\\\/\"]}]},{\"@type\":\"ImageObject\",\"inLanguage\":\"en-GB\",\"@id\":\"https:\\\/\\\/silencia.ch\\\/2025\\\/11\\\/13\\\/noblesilence\\\/#primaryimage\",\"url\":\"https:\\\/\\\/i0.wp.com\\\/silencia.ch\\\/wp-content\\\/uploads\\\/2025\\\/11\\\/meditation-groupe-champex.jpg?fit=1200%2C675&ssl=1\",\"contentUrl\":\"https:\\\/\\\/i0.wp.com\\\/silencia.ch\\\/wp-content\\\/uploads\\\/2025\\\/11\\\/meditation-groupe-champex.jpg?fit=1200%2C675&ssl=1\",\"width\":1200,\"height\":675},{\"@type\":\"BreadcrumbList\",\"@id\":\"https:\\\/\\\/silencia.ch\\\/2025\\\/11\\\/13\\\/noblesilence\\\/#breadcrumb\",\"itemListElement\":[{\"@type\":\"ListItem\",\"position\":1,\"name\":\"Accueil\",\"item\":\"https:\\\/\\\/silencia.ch\\\/\"},{\"@type\":\"ListItem\",\"position\":2,\"name\":\"Le Noble Silence\"}]},{\"@type\":\"WebSite\",\"@id\":\"https:\\\/\\\/silencia.ch\\\/#website\",\"url\":\"https:\\\/\\\/silencia.ch\\\/\",\"name\":\"SILENCIA\",\"description\":\"PRESENCE, SILENCE &amp; CLART\u00c9 MENTALE\",\"publisher\":{\"@id\":\"https:\\\/\\\/silencia.ch\\\/#organization\"},\"potentialAction\":[{\"@type\":\"SearchAction\",\"target\":{\"@type\":\"EntryPoint\",\"urlTemplate\":\"https:\\\/\\\/silencia.ch\\\/?s={search_term_string}\"},\"query-input\":{\"@type\":\"PropertyValueSpecification\",\"valueRequired\":true,\"valueName\":\"search_term_string\"}}],\"inLanguage\":\"en-GB\"},{\"@type\":\"Organization\",\"@id\":\"https:\\\/\\\/silencia.ch\\\/#organization\",\"name\":\"SILENCIA\",\"url\":\"https:\\\/\\\/silencia.ch\\\/\",\"logo\":{\"@type\":\"ImageObject\",\"inLanguage\":\"en-GB\",\"@id\":\"https:\\\/\\\/silencia.ch\\\/#\\\/schema\\\/logo\\\/image\\\/\",\"url\":\"https:\\\/\\\/i0.wp.com\\\/silencia.ch\\\/wp-content\\\/uploads\\\/2025\\\/11\\\/black-and-white-minimalist-business-logo.png?fit=500%2C500&ssl=1\",\"contentUrl\":\"https:\\\/\\\/i0.wp.com\\\/silencia.ch\\\/wp-content\\\/uploads\\\/2025\\\/11\\\/black-and-white-minimalist-business-logo.png?fit=500%2C500&ssl=1\",\"width\":500,\"height\":500,\"caption\":\"SILENCIA\"},\"image\":{\"@id\":\"https:\\\/\\\/silencia.ch\\\/#\\\/schema\\\/logo\\\/image\\\/\"},\"sameAs\":[\"https:\\\/\\\/www.linkedin.com\\\/in\\\/melissa-matteucci-446286\\\/\",\"https:\\\/\\\/www.youtube.com\\\/@M\u00e9ditationsilencieuse\",\"https:\\\/\\\/www.instagram.com\\\/silencia.ch\\\/\"]},{\"@type\":\"Person\",\"@id\":\"https:\\\/\\\/silencia.ch\\\/#\\\/schema\\\/person\\\/776dcc0e5e004a700970acf5332ec124\",\"name\":\"Silencia Meditation\",\"image\":{\"@type\":\"ImageObject\",\"inLanguage\":\"en-GB\",\"@id\":\"https:\\\/\\\/secure.gravatar.com\\\/avatar\\\/2c8af0880a27b9feda121115b20bda21042e5aae42a0a71a6c8238879c6a934c?s=96&d=identicon&r=g\",\"url\":\"https:\\\/\\\/secure.gravatar.com\\\/avatar\\\/2c8af0880a27b9feda121115b20bda21042e5aae42a0a71a6c8238879c6a934c?s=96&d=identicon&r=g\",\"contentUrl\":\"https:\\\/\\\/secure.gravatar.com\\\/avatar\\\/2c8af0880a27b9feda121115b20bda21042e5aae42a0a71a6c8238879c6a934c?s=96&d=identicon&r=g\",\"caption\":\"Silencia Meditation\"},\"sameAs\":[\"https:\\\/\\\/silencia.ch\\\/\"],\"url\":\"https:\\\/\\\/silencia.ch\\\/en\\\/author\\\/silencia2026\\\/\"}]}<\/script>\n<!-- \/ Yoast SEO plugin. -->","yoast_head_json":{"title":"Le Noble Silence - PRESENCE, SILENCE &amp; CLART\u00c9 MENTALE","robots":{"index":"index","follow":"follow","max-snippet":"max-snippet:-1","max-image-preview":"max-image-preview:large","max-video-preview":"max-video-preview:-1"},"canonical":"https:\/\/silencia.ch\/en\/2025\/11\/13\/noblesilence\/","og_locale":"en_GB","og_type":"article","og_title":"Le Noble Silence - PRESENCE, SILENCE &amp; CLART\u00c9 MENTALE","og_description":"Qu\u2019est\u2011ce que le Noble Silence ? Le Noble Silence est une pratique essentielle dans les retraites m\u00e9ditatives. Il s\u2019agitd\u2019un silence profond, qui s\u2019\u00e9tend au\u2011del\u00e0 de l\u2019absence de paroles. C\u2019est unengagement temporaire \u00e0 r\u00e9duire toutes les stimulations externes afin de se tournerdoucement vers son monde int\u00e9rieur.Le Noble Silence cr\u00e9e un espace pr\u00e9cieux pour \u00e9couter, observer et [&hellip;]","og_url":"https:\/\/silencia.ch\/en\/2025\/11\/13\/noblesilence\/","og_site_name":"PRESENCE, SILENCE &amp; CLART\u00c9 MENTALE","article_published_time":"2025-11-13T09:40:47+00:00","article_modified_time":"2026-01-25T16:52:30+00:00","og_image":[{"width":1200,"height":675,"url":"https:\/\/i0.wp.com\/silencia.ch\/wp-content\/uploads\/2025\/11\/meditation-groupe-champex.jpg?fit=1200%2C675&ssl=1","type":"image\/jpeg"}],"author":"Silencia Meditation","twitter_card":"summary_large_image","twitter_misc":{"Written by":"Silencia Meditation","Estimated reading time":"2 minutes"},"schema":{"@context":"https:\/\/schema.org","@graph":[{"@type":"Article","@id":"https:\/\/silencia.ch\/2025\/11\/13\/noblesilence\/#article","isPartOf":{"@id":"https:\/\/silencia.ch\/2025\/11\/13\/noblesilence\/"},"author":{"name":"Silencia Meditation","@id":"https:\/\/silencia.ch\/#\/schema\/person\/776dcc0e5e004a700970acf5332ec124"},"headline":"Le Noble Silence","datePublished":"2025-11-13T09:40:47+00:00","dateModified":"2026-01-25T16:52:30+00:00","mainEntityOfPage":{"@id":"https:\/\/silencia.ch\/2025\/11\/13\/noblesilence\/"},"wordCount":405,"commentCount":0,"publisher":{"@id":"https:\/\/silencia.ch\/#organization"},"image":{"@id":"https:\/\/silencia.ch\/2025\/11\/13\/noblesilence\/#primaryimage"},"thumbnailUrl":"https:\/\/i0.wp.com\/silencia.ch\/wp-content\/uploads\/2025\/11\/meditation-groupe-champex.jpg?fit=1200%2C675&ssl=1","articleSection":["Uncategorized"],"inLanguage":"en-GB","potentialAction":[{"@type":"CommentAction","name":"Comment","target":["https:\/\/silencia.ch\/2025\/11\/13\/noblesilence\/#respond"]}]},{"@type":"WebPage","@id":"https:\/\/silencia.ch\/2025\/11\/13\/noblesilence\/","url":"https:\/\/silencia.ch\/2025\/11\/13\/noblesilence\/","name":"Le Noble Silence - PRESENCE, SILENCE &amp; CLART\u00c9 MENTALE","isPartOf":{"@id":"https:\/\/silencia.ch\/#website"},"primaryImageOfPage":{"@id":"https:\/\/silencia.ch\/2025\/11\/13\/noblesilence\/#primaryimage"},"image":{"@id":"https:\/\/silencia.ch\/2025\/11\/13\/noblesilence\/#primaryimage"},"thumbnailUrl":"https:\/\/i0.wp.com\/silencia.ch\/wp-content\/uploads\/2025\/11\/meditation-groupe-champex.jpg?fit=1200%2C675&ssl=1","datePublished":"2025-11-13T09:40:47+00:00","dateModified":"2026-01-25T16:52:30+00:00","breadcrumb":{"@id":"https:\/\/silencia.ch\/2025\/11\/13\/noblesilence\/#breadcrumb"},"inLanguage":"en-GB","potentialAction":[{"@type":"ReadAction","target":["https:\/\/silencia.ch\/2025\/11\/13\/noblesilence\/"]}]},{"@type":"ImageObject","inLanguage":"en-GB","@id":"https:\/\/silencia.ch\/2025\/11\/13\/noblesilence\/#primaryimage","url":"https:\/\/i0.wp.com\/silencia.ch\/wp-content\/uploads\/2025\/11\/meditation-groupe-champex.jpg?fit=1200%2C675&ssl=1","contentUrl":"https:\/\/i0.wp.com\/silencia.ch\/wp-content\/uploads\/2025\/11\/meditation-groupe-champex.jpg?fit=1200%2C675&ssl=1","width":1200,"height":675},{"@type":"BreadcrumbList","@id":"https:\/\/silencia.ch\/2025\/11\/13\/noblesilence\/#breadcrumb","itemListElement":[{"@type":"ListItem","position":1,"name":"Accueil","item":"https:\/\/silencia.ch\/"},{"@type":"ListItem","position":2,"name":"Le Noble Silence"}]},{"@type":"WebSite","@id":"https:\/\/silencia.ch\/#website","url":"https:\/\/silencia.ch\/","name":"SILENCIA","description":"PRESENCE, SILENCE &amp; MENTAL CLARITY","publisher":{"@id":"https:\/\/silencia.ch\/#organization"},"potentialAction":[{"@type":"SearchAction","target":{"@type":"EntryPoint","urlTemplate":"https:\/\/silencia.ch\/?s={search_term_string}"},"query-input":{"@type":"PropertyValueSpecification","valueRequired":true,"valueName":"search_term_string"}}],"inLanguage":"en-GB"},{"@type":"Organization","@id":"https:\/\/silencia.ch\/#organization","name":"SILENCIA","url":"https:\/\/silencia.ch\/","logo":{"@type":"ImageObject","inLanguage":"en-GB","@id":"https:\/\/silencia.ch\/#\/schema\/logo\/image\/","url":"https:\/\/i0.wp.com\/silencia.ch\/wp-content\/uploads\/2025\/11\/black-and-white-minimalist-business-logo.png?fit=500%2C500&ssl=1","contentUrl":"https:\/\/i0.wp.com\/silencia.ch\/wp-content\/uploads\/2025\/11\/black-and-white-minimalist-business-logo.png?fit=500%2C500&ssl=1","width":500,"height":500,"caption":"SILENCIA"},"image":{"@id":"https:\/\/silencia.ch\/#\/schema\/logo\/image\/"},"sameAs":["https:\/\/www.linkedin.com\/in\/melissa-matteucci-446286\/","https:\/\/www.youtube.com\/@M\u00e9ditationsilencieuse","https:\/\/www.instagram.com\/silencia.ch\/"]},{"@type":"Person","@id":"https:\/\/silencia.ch\/#\/schema\/person\/776dcc0e5e004a700970acf5332ec124","name":"Calm Meditation","image":{"@type":"ImageObject","inLanguage":"en-GB","@id":"https:\/\/secure.gravatar.com\/avatar\/2c8af0880a27b9feda121115b20bda21042e5aae42a0a71a6c8238879c6a934c?s=96&d=identicon&r=g","url":"https:\/\/secure.gravatar.com\/avatar\/2c8af0880a27b9feda121115b20bda21042e5aae42a0a71a6c8238879c6a934c?s=96&d=identicon&r=g","contentUrl":"https:\/\/secure.gravatar.com\/avatar\/2c8af0880a27b9feda121115b20bda21042e5aae42a0a71a6c8238879c6a934c?s=96&d=identicon&r=g","caption":"Silencia Meditation"},"sameAs":["https:\/\/silencia.ch\/"],"url":"https:\/\/silencia.ch\/en\/author\/silencia2026\/"}]}},"jetpack_publicize_connections":[],"jetpack_featured_media_url":"https:\/\/i0.wp.com\/silencia.ch\/wp-content\/uploads\/2025\/11\/meditation-groupe-champex.jpg?fit=1200%2C675&ssl=1","jetpack_likes_enabled":null,"jetpack_sharing_enabled":false,"jetpack_shortlink":"https:\/\/wp.me\/pgVt3Y-3","jetpack-related-posts":[],"_links":{"self":[{"href":"https:\/\/silencia.ch\/en\/wp-json\/wp\/v2\/posts\/3","targetHints":{"allow":["GET"]}}],"collection":[{"href":"https:\/\/silencia.ch\/en\/wp-json\/wp\/v2\/posts"}],"about":[{"href":"https:\/\/silencia.ch\/en\/wp-json\/wp\/v2\/types\/post"}],"author":[{"embeddable":true,"href":"https:\/\/silencia.ch\/en\/wp-json\/wp\/v2\/users\/260171625"}],"replies":[{"embeddable":true,"href":"https:\/\/silencia.ch\/en\/wp-json\/wp\/v2\/comments?post=3"}],"version-history":[{"count":14,"href":"https:\/\/silencia.ch\/en\/wp-json\/wp\/v2\/posts\/3\/revisions"}],"predecessor-version":[{"id":459,"href":"https:\/\/silencia.ch\/en\/wp-json\/wp\/v2\/posts\/3\/revisions\/459"}],"wp:featuredmedia":[{"embeddable":true,"href":"https:\/\/silencia.ch\/en\/wp-json\/wp\/v2\/media\/86"}],"wp:attachment":[{"href":"https:\/\/silencia.ch\/en\/wp-json\/wp\/v2\/media?parent=3"}],"wp:term":[{"taxonomy":"category","embeddable":true,"href":"https:\/\/silencia.ch\/en\/wp-json\/wp\/v2\/categories?post=3"},{"taxonomy":"post_tag","embeddable":true,"href":"https:\/\/silencia.ch\/en\/wp-json\/wp\/v2\/tags?post=3"}],"curies":[{"name":"wp","href":"https:\/\/api.w.org\/{rel}","templated":true}]}}